{"id":70045,"date":"2026-04-24T09:22:54","date_gmt":"2026-04-24T07:22:54","guid":{"rendered":"https:\/\/www.telealarm.com\/erfolgreicher-auftritt-der-telealarm-auf-der-altenpflege-2026-in-essen\/"},"modified":"2026-04-27T12:39:16","modified_gmt":"2026-04-27T10:39:16","slug":"erfolgreicher-auftritt-der-telealarm-auf-der-altenpflege-2026-in-essen","status":"publish","type":"post","link":"https:\/\/www.telealarm.com\/fr\/erfolgreicher-auftritt-der-telealarm-auf-der-altenpflege-2026-in-essen\/","title":{"rendered":"Participation r\u00e9ussie de TeleAlarm \u00e0 Altenpflege 2026 \u00e0 Essen"},"content":{"rendered":"<section class=\"wpb-content-wrapper\"><p>[vc_row][vc_column][vc_column_text]<\/p>\n<p data-start=\"67\" data-end=\"364\">Cette ann\u00e9e encore, TeleAlarm \u00e9tait pr\u00e9sent au salon <strong data-start=\"120\" data-end=\"140\">Altenpflege 2026<\/strong>, le rendez-vous incontournable du secteur des soins, qui s\u2019est tenu \u00e0 Essen. L\u2019\u00e9v\u00e9nement a offert une plateforme centrale pour les \u00e9changes, l\u2019innovation et les derni\u00e8res \u00e9volutions dans le domaine des soins professionnels.<\/p>\n<p data-start=\"366\" data-end=\"721\">Au cours de nombreux \u00e9changes avec des experts et des clients, TeleAlarm a pr\u00e9sent\u00e9 ses d\u00e9veloppements produits r\u00e9cents ainsi que des aper\u00e7us des innovations pr\u00e9vues pour 2026. Le dialogue direct avec les professionnels du secteur a permis de recueillir de pr\u00e9cieux retours du terrain et de g\u00e9n\u00e9rer des impulsions importantes pour les futures innovations.<\/p>\n<p data-start=\"723\" data-end=\"900\">Un moment fort a \u00e9t\u00e9 la c\u00e9l\u00e9bration du <strong data-start=\"762\" data-end=\"795\">70e anniversaire de TeleAlarm<\/strong>, f\u00eat\u00e9 dans une atmosph\u00e8re conviviale et intime avec des clients et partenaires directement sur le stand.<\/p>\n<p data-start=\"902\" data-end=\"997\" data-is-last-node=\"\" data-is-only-node=\"\">N\u2019h\u00e9sitez pas \u00e0 visionner notre vid\u00e9o r\u00e9capitulative officielle avec des impressions du salon :<\/p>\n<p>[\/vc_column_text]<div class=\"ult-spacer spacer-69ef58696beab\" data-id=\"69ef58696beab\" data-height=\"30\" data-height-mobile=\"30\" data-height-tab=\"30\" data-height-tab-portrait=\"\" data-height-mobile-landscape=\"\" style=\"clear:both;display:block;\"><\/div>[vc_video link=&#8221;https:\/\/youtu.be\/Ns1oLZkAtcM?si=t9-zw1zamDfUQmuy&#8221;]<div class=\"ult-spacer spacer-69ef58696bed8\" data-id=\"69ef58696bed8\" data-height=\"30\" data-height-mobile=\"30\" data-height-tab=\"30\" data-height-tab-portrait=\"\" data-height-mobile-landscape=\"\" style=\"clear:both;display:block;\"><\/div><style type=\"text\/css\" data-type=\"the7_shortcodes-inline-css\">.gallery-carousel-shortcode.gallery-carousel-shortcode-id-2b80d7507b3e587013245cc419ad8f88.owl-carousel .owl-nav div {\n  width: 36px;\n  height: 36px;\n  border-radius: 500px;\n}\n.dt-arrow-border-on.gallery-carousel-shortcode.gallery-carousel-shortcode-id-2b80d7507b3e587013245cc419ad8f88.owl-carousel .owl-nav div:not(:hover):before {\n  border-width: 0px;\n}\n.dt-arrow-hover-border-on.gallery-carousel-shortcode.gallery-carousel-shortcode-id-2b80d7507b3e587013245cc419ad8f88.owl-carousel .owl-nav div:hover:after {\n  border-width: 0px;\n}\n.gallery-carousel-shortcode.gallery-carousel-shortcode-id-2b80d7507b3e587013245cc419ad8f88.owl-carousel .owl-nav div.owl-prev {\n  top: 50%;\n  transform: translateY(calc(-50% + 0px));\n  left: -43px;\n}\n@media all and (-ms-high-contrast: none) {\n  .gallery-carousel-shortcode.gallery-carousel-shortcode-id-2b80d7507b3e587013245cc419ad8f88.owl-carousel .owl-nav div.owl-prev {\n    transform: translateY(-50%);\n    margin-top: 0px;\n  }\n}\n.gallery-carousel-shortcode.gallery-carousel-shortcode-id-2b80d7507b3e587013245cc419ad8f88.owl-carousel .owl-nav div.owl-prev i {\n  padding: 0px 0px 0px 0px;\n}\n.gallery-carousel-shortcode.gallery-carousel-shortcode-id-2b80d7507b3e587013245cc419ad8f88.owl-carousel .owl-nav div.owl-next {\n  top: 50%;\n  transform: translateY(calc(-50% + 0px));\n  right: -43px;\n}\n@media all and (-ms-high-contrast: none) {\n  .gallery-carousel-shortcode.gallery-carousel-shortcode-id-2b80d7507b3e587013245cc419ad8f88.owl-carousel .owl-nav div.owl-next {\n    transform: translateY(-50%);\n    margin-top: 0px;\n  }\n}\n.gallery-carousel-shortcode.gallery-carousel-shortcode-id-2b80d7507b3e587013245cc419ad8f88.owl-carousel .owl-nav div.owl-next i {\n  padding: 0px 0px 0px 0px;\n}\n.gallery-carousel-shortcode.gallery-carousel-shortcode-id-2b80d7507b3e587013245cc419ad8f88.owl-carousel .owl-nav i {\n  font-size: 18px;\n}\n.gallery-carousel-shortcode.gallery-carousel-shortcode-id-2b80d7507b3e587013245cc419ad8f88.owl-carousel .owl-nav div:not(:hover) i,\n.gallery-carousel-shortcode.gallery-carousel-shortcode-id-2b80d7507b3e587013245cc419ad8f88.owl-carousel .owl-nav div:not(:hover) i:before {\n  color: #ffffff;\n  background: none;\n}\n.gallery-carousel-shortcode.gallery-carousel-shortcode-id-2b80d7507b3e587013245cc419ad8f88.owl-carousel .owl-nav div:hover i,\n.gallery-carousel-shortcode.gallery-carousel-shortcode-id-2b80d7507b3e587013245cc419ad8f88.owl-carousel .owl-nav div:hover i:before {\n  color: rgba(255,255,255,0.75);\n  background: none;\n}\n.gallery-carousel-shortcode.gallery-carousel-shortcode-id-2b80d7507b3e587013245cc419ad8f88 .owl-dots {\n  top: calc(100% + 20px);\n  left: 50%;\n  transform: translateX(calc(-50% + 0px));\n}\n@media all and (-ms-high-contrast: none) {\n  .gallery-carousel-shortcode.gallery-carousel-shortcode-id-2b80d7507b3e587013245cc419ad8f88 .owl-dots {\n    transform: translateX(-50%);\n    margin-left: 0px;\n  }\n}\n.gallery-carousel-shortcode.gallery-carousel-shortcode-id-2b80d7507b3e587013245cc419ad8f88 .owl-dot {\n  width: 10px;\n  height: 10px;\n  margin: 0 8px;\n}\n@media screen and (max-width: 778px) {\n  .gallery-carousel-shortcode.gallery-carousel-shortcode-id-2b80d7507b3e587013245cc419ad8f88.hide-arrows .owl-nav a {\n    display: none;\n  }\n}\n@media screen and (max-width: 778px) {\n  .gallery-carousel-shortcode.gallery-carousel-shortcode-id-2b80d7507b3e587013245cc419ad8f88.reposition-arrows .owl-nav div.owl-prev {\n    top: 50%;\n    transform: translateY(calc(-50% + 0px));\n    left: 10px;\n  }\n  .gallery-carousel-shortcode.gallery-carousel-shortcode-id-2b80d7507b3e587013245cc419ad8f88.reposition-arrows .owl-nav div.owl-next {\n    top: 50%;\n    transform: translateY(calc(-50% + 0px));\n    right: 10px;\n  }\n}\n@media screen and (max-width: 778px) and all and (-ms-high-contrast: none) {\n  .gallery-carousel-shortcode.gallery-carousel-shortcode-id-2b80d7507b3e587013245cc419ad8f88.reposition-arrows .owl-nav div.owl-prev {\n    transform: translateY(-50%);\n    margin-top: 0px;\n  }\n}\n@media screen and (max-width: 778px) and all and (-ms-high-contrast: none) {\n  .gallery-carousel-shortcode.gallery-carousel-shortcode-id-2b80d7507b3e587013245cc419ad8f88.reposition-arrows .owl-nav div.owl-next {\n    transform: translateY(-50%);\n    margin-top: 0px;\n  }\n}\n.gallery-carousel-shortcode.gallery-carousel-shortcode-id-2b80d7507b3e587013245cc419ad8f88 figure,\n.gallery-carousel-shortcode.gallery-carousel-shortcode-id-2b80d7507b3e587013245cc419ad8f88 .rollover,\n.gallery-carousel-shortcode.gallery-carousel-shortcode-id-2b80d7507b3e587013245cc419ad8f88 img,\n.gallery-carousel-shortcode.gallery-carousel-shortcode-id-2b80d7507b3e587013245cc419ad8f88 .gallery-rollover {\n  border-radius: 0px;\n}\n.gallery-carousel-shortcode.gallery-carousel-shortcode-id-2b80d7507b3e587013245cc419ad8f88.enable-bg-rollover .gallery-rollover {\n  background: -webkit-linear-gradient();\n  background: linear-gradient();\n}\n.gallery-carousel-shortcode.gallery-carousel-shortcode-id-2b80d7507b3e587013245cc419ad8f88.enable-img-shadow .owl-stage-outer {\n  padding: 14px 0;\n}\n.gallery-carousel-shortcode.gallery-carousel-shortcode-id-2b80d7507b3e587013245cc419ad8f88.enable-bg-rollover.hover-scale figure .rollover:after {\n  background: -webkit-linear-gradient();\n  background: linear-gradient();\n}\n.gallery-carousel-shortcode.gallery-carousel-shortcode-id-2b80d7507b3e587013245cc419ad8f88.gallery-shortcode .gallery-zoom-ico {\n  width: 44px;\n  height: 44px;\n  line-height: 44px;\n  border-radius: 100px;\n  margin: -22px 0 0 -22px;\n  border-width: 0px;\n}\n.dt-icon-bg-on.gallery-carousel-shortcode.gallery-carousel-shortcode-id-2b80d7507b3e587013245cc419ad8f88.gallery-shortcode .gallery-zoom-ico {\n  background: rgba(255,255,255,0.3);\n  box-shadow: none;\n}\n.gallery-carousel-shortcode.gallery-carousel-shortcode-id-2b80d7507b3e587013245cc419ad8f88.gallery-shortcode .gallery-zoom-ico:before,\n.gallery-carousel-shortcode.gallery-carousel-shortcode-id-2b80d7507b3e587013245cc419ad8f88.gallery-shortcode .gallery-zoom-ico span {\n  font-size: 32px;\n  line-height: 44px;\n  color: #ffffff;\n  background: none;\n}<\/style><div class=\"owl-carousel gallery-carousel-shortcode gallery-shortcode  dt-gallery-container dt-owl-carousel-call gallery-carousel-shortcode-id-2b80d7507b3e587013245cc419ad8f88 quick-scale-img enable-bg-rollover meta-info-off dt-arrow-border-on dt-arrow-hover-border-on bullets-small-dot-stroke reposition-arrows dt-icon-bg-off arrows-bg-on disable-arrows-hover-bg arrows-hover-bg-on  hover-fade \" data-scroll-mode=\"1\" data-col-num=\"6\" data-wide-col-num=\"6\" data-laptop-col=\"5\" data-h-tablet-columns-num=\"4\" data-v-tablet-columns-num=\"3\" data-phone-columns-num=\"1\" data-col-gap=\"10\" data-stage-padding=\"0\" data-speed=\"600\" data-autoplay=\"false\" data-autoplay_speed=\"6000\" data-arrows=\"true\" data-bullet=\"false\" data-next-icon=\"icon-ar-017-r\" data-prev-icon=\"icon-ar-017-l\" data-img-shadow-size=\"12px\" data-img-shadow-spread=\"3px\"><div data-post-id=\"70025\" data-date=\"2026-04-27T09:28:02+02:00\" data-name=\"AP_9\"><figure class=\"post\"><a href=\"https:\/\/www.telealarm.com\/wp-content\/uploads\/AP_9.jpg\" class=\"rollover dt-pswp-item\" data-large_image_width=\"2048\" data-large_image_height=\"1243\" data-dt-img-description=\"\" title=\"AP_9\"><img loading=\"lazy\" decoding=\"async\" class=\"preload-me aspect\" src=\"https:\/\/www.telealarm.com\/wp-content\/uploads\/AP_9.jpg\" srcset=\"https:\/\/www.telealarm.com\/wp-content\/uploads\/AP_9.jpg 2048w\" style=\"--ratio: 2048 \/ 1243\" sizes=\"auto, (max-width: 2048px) 100vw, 2048px\" alt=\"\" width=\"2048\" height=\"1243\"  \/><span class=\"gallery-rollover\"><span class=\"gallery-zoom-ico icomoon-the7-font-the7-zoom-06\"><span><\/span><\/span><\/span><\/a><\/figure><\/div><div data-post-id=\"70021\" data-date=\"2026-04-27T09:27:50+02:00\" data-name=\"AP_7\"><figure class=\"post\"><a href=\"https:\/\/www.telealarm.com\/wp-content\/uploads\/AP_7.jpg\" class=\"rollover dt-pswp-item\" data-large_image_width=\"2048\" data-large_image_height=\"1424\" data-dt-img-description=\"\" title=\"AP_7\"><img loading=\"lazy\" decoding=\"async\" class=\"preload-me aspect\" src=\"https:\/\/www.telealarm.com\/wp-content\/uploads\/AP_7.jpg\" srcset=\"https:\/\/www.telealarm.com\/wp-content\/uploads\/AP_7.jpg 2048w\" style=\"--ratio: 2048 \/ 1424\" sizes=\"auto, (max-width: 2048px) 100vw, 2048px\" alt=\"\" width=\"2048\" height=\"1424\"  \/><span class=\"gallery-rollover\"><span class=\"gallery-zoom-ico icomoon-the7-font-the7-zoom-06\"><span><\/span><\/span><\/span><\/a><\/figure><\/div><div data-post-id=\"70017\" data-date=\"2026-04-27T09:27:37+02:00\" data-name=\"AP_4\"><figure class=\"post\"><a href=\"https:\/\/www.telealarm.com\/wp-content\/uploads\/AP_4.jpg\" class=\"rollover dt-pswp-item\" data-large_image_width=\"2048\" data-large_image_height=\"1241\" data-dt-img-description=\"\" title=\"AP_4\"><img loading=\"lazy\" decoding=\"async\" class=\"preload-me aspect\" src=\"https:\/\/www.telealarm.com\/wp-content\/uploads\/AP_4.jpg\" srcset=\"https:\/\/www.telealarm.com\/wp-content\/uploads\/AP_4.jpg 2048w\" style=\"--ratio: 2048 \/ 1241\" sizes=\"auto, (max-width: 2048px) 100vw, 2048px\" alt=\"\" width=\"2048\" height=\"1241\"  \/><span class=\"gallery-rollover\"><span class=\"gallery-zoom-ico icomoon-the7-font-the7-zoom-06\"><span><\/span><\/span><\/span><\/a><\/figure><\/div><div data-post-id=\"70013\" data-date=\"2026-04-27T09:27:34+02:00\" data-name=\"AP_3\"><figure class=\"post\"><a href=\"https:\/\/www.telealarm.com\/wp-content\/uploads\/AP_3.jpg\" class=\"rollover dt-pswp-item\" data-large_image_width=\"2000\" data-large_image_height=\"1168\" data-dt-img-description=\"\" title=\"AP_3\"><img loading=\"lazy\" decoding=\"async\" class=\"preload-me aspect\" src=\"https:\/\/www.telealarm.com\/wp-content\/uploads\/AP_3.jpg\" srcset=\"https:\/\/www.telealarm.com\/wp-content\/uploads\/AP_3.jpg 2000w\" style=\"--ratio: 2000 \/ 1168\" sizes=\"auto, (max-width: 2000px) 100vw, 2000px\" alt=\"\" width=\"2000\" height=\"1168\"  \/><span class=\"gallery-rollover\"><span class=\"gallery-zoom-ico icomoon-the7-font-the7-zoom-06\"><span><\/span><\/span><\/span><\/a><\/figure><\/div><div data-post-id=\"70009\" data-date=\"2026-04-27T09:27:26+02:00\" data-name=\"AP_2\"><figure class=\"post\"><a href=\"https:\/\/www.telealarm.com\/wp-content\/uploads\/AP_2.jpg\" class=\"rollover dt-pswp-item\" data-large_image_width=\"1728\" data-large_image_height=\"1068\" data-dt-img-description=\"\" title=\"AP_2\"><img loading=\"lazy\" decoding=\"async\" class=\"preload-me aspect\" src=\"https:\/\/www.telealarm.com\/wp-content\/uploads\/AP_2.jpg\" srcset=\"https:\/\/www.telealarm.com\/wp-content\/uploads\/AP_2.jpg 1728w\" style=\"--ratio: 1728 \/ 1068\" sizes=\"auto, (max-width: 1728px) 100vw, 1728px\" alt=\"\" width=\"1728\" height=\"1068\"  \/><span class=\"gallery-rollover\"><span class=\"gallery-zoom-ico icomoon-the7-font-the7-zoom-06\"><span><\/span><\/span><\/span><\/a><\/figure><\/div><div data-post-id=\"70005\" data-date=\"2026-04-27T09:27:18+02:00\" data-name=\"AP_1\"><figure class=\"post\"><a href=\"https:\/\/www.telealarm.com\/wp-content\/uploads\/AP_1.jpg\" class=\"rollover dt-pswp-item\" data-large_image_width=\"2000\" data-large_image_height=\"1209\" data-dt-img-description=\"\" title=\"AP_1\"><img loading=\"lazy\" decoding=\"async\" class=\"preload-me aspect\" src=\"https:\/\/www.telealarm.com\/wp-content\/uploads\/AP_1.jpg\" srcset=\"https:\/\/www.telealarm.com\/wp-content\/uploads\/AP_1.jpg 2000w\" style=\"--ratio: 2000 \/ 1209\" sizes=\"auto, (max-width: 2000px) 100vw, 2000px\" alt=\"\" width=\"2000\" height=\"1209\"  \/><span class=\"gallery-rollover\"><span class=\"gallery-zoom-ico icomoon-the7-font-the7-zoom-06\"><span><\/span><\/span><\/span><\/a><\/figure><\/div><div data-post-id=\"70001\" data-date=\"2026-04-27T09:27:11+02:00\" data-name=\"AP_\"><figure class=\"post\"><a href=\"https:\/\/www.telealarm.com\/wp-content\/uploads\/AP_.jpg\" class=\"rollover dt-pswp-item\" data-large_image_width=\"2000\" data-large_image_height=\"1175\" data-dt-img-description=\"\" title=\"AP_\"><img loading=\"lazy\" decoding=\"async\" class=\"preload-me aspect\" src=\"https:\/\/www.telealarm.com\/wp-content\/uploads\/AP_.jpg\" srcset=\"https:\/\/www.telealarm.com\/wp-content\/uploads\/AP_.jpg 2000w\" style=\"--ratio: 2000 \/ 1175\" sizes=\"auto, (max-width: 2000px) 100vw, 2000px\" alt=\"\" width=\"2000\" height=\"1175\"  \/><span class=\"gallery-rollover\"><span class=\"gallery-zoom-ico icomoon-the7-font-the7-zoom-06\"><span><\/span><\/span><\/span><\/a><\/figure><\/div><\/div>[\/vc_column][\/vc_row]<\/p>\n<\/section>","protected":false},"excerpt":{"rendered":"<p>[vc_row][vc_column][vc_column_text] Cette ann\u00e9e encore, TeleAlarm \u00e9tait pr\u00e9sent au salon Altenpflege 2026, le rendez-vous incontournable du secteur des soins, qui s\u2019est tenu \u00e0 Essen. L\u2019\u00e9v\u00e9nement a offert une plateforme centrale pour les \u00e9changes, l\u2019innovation et les derni\u00e8res \u00e9volutions dans le domaine des soins professionnels. Au cours de nombreux \u00e9changes avec des experts et des clients, TeleAlarm&hellip;<\/p>\n","protected":false},"author":504,"featured_media":69994,"comment_status":"closed","ping_status":"closed","sticky":false,"template":"","format":"standard","meta":{"_monsterinsights_skip_tracking":false,"_monsterinsights_sitenote_active":false,"_monsterinsights_sitenote_note":"","_monsterinsights_sitenote_category":0,"footnotes":""},"categories":["86","95","96","98","196","243","244","245","246","247","248","250","290","295","296","297","298","299","300","301","302","303","304","305","306","307","308","309","310","311","312","313","314","315","316","317","318","319","320","321","322","323","324","325","437","464"],"tags":[],"class_list":{"0":"post-70045","1":"post","2":"type-post","3":"status-publish","4":"format-standard","5":"has-post-thumbnail","6":"hentry","7":"category-lms-fr","8":"category-uncategorized-fr","12":"category-hausnotruf-fr","13":"category-nurse-call-fr","20":"category-evenement-fr","25":"category-uncategorized-en","27":"category-le-saviez-vous","28":"category-produits-et-technologie","29":"category-foires-et-manifestations","30":"category-actualites-autour-de-telealarm","31":"category-nouvelles-du-secteur","32":"category-rapport-dexperiences-et-interviews","52":"category-karriere","53":"category-296","54":"category-98","58":"category-301","59":"category-250","66":"category-295","71":"category-300","73":"category-314","74":"category-319","75":"category-318","76":"category-317","77":"category-316","78":"category-315","98":"category-464","99":"description-off"},"yoast_head":"<!-- This site is optimized with the Yoast SEO plugin v20.2.1 - https:\/\/yoast.com\/wordpress\/plugins\/seo\/ -->\n<title>Participation r\u00e9ussie de TeleAlarm \u00e0 Altenpflege 2026 \u00e0 Essen<\/title>\n<meta name=\"description\" content=\"Cette ann\u00e9e encore, TeleAlarm \u00e9tait pr\u00e9sent au salon Altenpflege 2026, le rendez-vous incontournable du secteur des soins, qui s\u2019est tenu \u00e0 Essen.\" \/>\n<meta name=\"robots\" content=\"index, follow, max-snippet:-1, max-image-preview:large, max-video-preview:-1\" \/>\n<link rel=\"canonical\" href=\"https:\/\/www.telealarm.com\/fr\/erfolgreicher-auftritt-der-telealarm-auf-der-altenpflege-2026-in-essen\/\" \/>\n<meta property=\"og:locale\" content=\"fr_FR\" \/>\n<meta property=\"og:type\" content=\"article\" \/>\n<meta property=\"og:title\" content=\"Participation r\u00e9ussie de TeleAlarm \u00e0 Altenpflege 2026 \u00e0 Essen\" \/>\n<meta property=\"og:description\" content=\"Cette ann\u00e9e encore, TeleAlarm \u00e9tait pr\u00e9sent au salon Altenpflege 2026, le rendez-vous incontournable du secteur des soins, qui s\u2019est tenu \u00e0 Essen.\" \/>\n<meta property=\"og:url\" content=\"https:\/\/www.telealarm.com\/fr\/erfolgreicher-auftritt-der-telealarm-auf-der-altenpflege-2026-in-essen\/\" \/>\n<meta property=\"og:site_name\" content=\"TeleAlarm\" \/>\n<meta property=\"article:published_time\" content=\"2026-04-24T07:22:54+00:00\" \/>\n<meta property=\"article:modified_time\" content=\"2026-04-27T10:39:16+00:00\" \/>\n<meta property=\"og:image\" content=\"https:\/\/www.telealarm.com\/wp-content\/uploads\/WhatsApp-Image-2026-04-23-at-08.04.10.jpeg\" \/>\n\t<meta property=\"og:image:width\" content=\"1600\" \/>\n\t<meta property=\"og:image:height\" content=\"1200\" \/>\n\t<meta property=\"og:image:type\" content=\"image\/jpeg\" \/>\n<meta name=\"author\" content=\"TeleAlarm Europe GmbH Thomas Kinnigkeit\" \/>\n<meta name=\"twitter:card\" content=\"summary_large_image\" \/>\n<meta name=\"twitter:label1\" content=\"\u00c9crit par\" \/>\n\t<meta name=\"twitter:data1\" content=\"TeleAlarm Europe GmbH Thomas Kinnigkeit\" \/>\n\t<meta name=\"twitter:label2\" content=\"Dur\u00e9e de lecture estim\u00e9e\" \/>\n\t<meta name=\"twitter:data2\" content=\"1 minute\" \/>\n<script type=\"application\/ld+json\" class=\"yoast-schema-graph\">{\"@context\":\"https:\/\/schema.org\",\"@graph\":[{\"@type\":\"WebPage\",\"@id\":\"https:\/\/www.telealarm.com\/fr\/erfolgreicher-auftritt-der-telealarm-auf-der-altenpflege-2026-in-essen\/\",\"url\":\"https:\/\/www.telealarm.com\/fr\/erfolgreicher-auftritt-der-telealarm-auf-der-altenpflege-2026-in-essen\/\",\"name\":\"Participation r\u00e9ussie de TeleAlarm \u00e0 Altenpflege 2026 \u00e0 Essen\",\"isPartOf\":{\"@id\":\"https:\/\/www.telealarm.com\/#website\"},\"datePublished\":\"2026-04-24T07:22:54+00:00\",\"dateModified\":\"2026-04-27T10:39:16+00:00\",\"author\":{\"@id\":\"https:\/\/www.telealarm.com\/#\/schema\/person\/6e3c299c8bd84d996569a32701ca2045\"},\"description\":\"Cette ann\u00e9e encore, TeleAlarm \u00e9tait pr\u00e9sent au salon Altenpflege 2026, le rendez-vous incontournable du secteur des soins, qui s\u2019est tenu \u00e0 Essen.\",\"breadcrumb\":{\"@id\":\"https:\/\/www.telealarm.com\/fr\/erfolgreicher-auftritt-der-telealarm-auf-der-altenpflege-2026-in-essen\/#breadcrumb\"},\"inLanguage\":\"fr-FR\",\"potentialAction\":[{\"@type\":\"ReadAction\",\"target\":[\"https:\/\/www.telealarm.com\/fr\/erfolgreicher-auftritt-der-telealarm-auf-der-altenpflege-2026-in-essen\/\"]}]},{\"@type\":\"BreadcrumbList\",\"@id\":\"https:\/\/www.telealarm.com\/fr\/erfolgreicher-auftritt-der-telealarm-auf-der-altenpflege-2026-in-essen\/#breadcrumb\",\"itemListElement\":[{\"@type\":\"ListItem\",\"position\":1,\"name\":\"Startseite\",\"item\":\"https:\/\/www.telealarm.com\/fr\/\"},{\"@type\":\"ListItem\",\"position\":2,\"name\":\"Participation r\u00e9ussie de TeleAlarm \u00e0 Altenpflege 2026 \u00e0 Essen\"}]},{\"@type\":\"WebSite\",\"@id\":\"https:\/\/www.telealarm.com\/#website\",\"url\":\"https:\/\/www.telealarm.com\/\",\"name\":\"TeleAlarm\",\"description\":\"Swiss Design\",\"potentialAction\":[{\"@type\":\"SearchAction\",\"target\":{\"@type\":\"EntryPoint\",\"urlTemplate\":\"https:\/\/www.telealarm.com\/?s={search_term_string}\"},\"query-input\":\"required name=search_term_string\"}],\"inLanguage\":\"fr-FR\"},{\"@type\":\"Person\",\"@id\":\"https:\/\/www.telealarm.com\/#\/schema\/person\/6e3c299c8bd84d996569a32701ca2045\",\"name\":\"TeleAlarm Europe GmbH Thomas Kinnigkeit\",\"image\":{\"@type\":\"ImageObject\",\"inLanguage\":\"fr-FR\",\"@id\":\"https:\/\/www.telealarm.com\/#\/schema\/person\/image\/\",\"url\":\"https:\/\/secure.gravatar.com\/avatar\/ef50a4f098284aaaf95f4ffdb910ae8ee6cbcf54018824ed85163398c114e62e?s=96&d=mm&r=g\",\"contentUrl\":\"https:\/\/secure.gravatar.com\/avatar\/ef50a4f098284aaaf95f4ffdb910ae8ee6cbcf54018824ed85163398c114e62e?s=96&d=mm&r=g\",\"caption\":\"TeleAlarm Europe GmbH Thomas Kinnigkeit\"}}]}<\/script>\n<!-- \/ Yoast SEO plugin. -->","yoast_head_json":{"title":"Participation r\u00e9ussie de TeleAlarm \u00e0 Altenpflege 2026 \u00e0 Essen","description":"Cette ann\u00e9e encore, TeleAlarm \u00e9tait pr\u00e9sent au salon Altenpflege 2026, le rendez-vous incontournable du secteur des soins, qui s\u2019est tenu \u00e0 Essen.","robots":{"index":"index","follow":"follow","max-snippet":"max-snippet:-1","max-image-preview":"max-image-preview:large","max-video-preview":"max-video-preview:-1"},"canonical":"https:\/\/www.telealarm.com\/fr\/erfolgreicher-auftritt-der-telealarm-auf-der-altenpflege-2026-in-essen\/","og_locale":"fr_FR","og_type":"article","og_title":"Participation r\u00e9ussie de TeleAlarm \u00e0 Altenpflege 2026 \u00e0 Essen","og_description":"Cette ann\u00e9e encore, TeleAlarm \u00e9tait pr\u00e9sent au salon Altenpflege 2026, le rendez-vous incontournable du secteur des soins, qui s\u2019est tenu \u00e0 Essen.","og_url":"https:\/\/www.telealarm.com\/fr\/erfolgreicher-auftritt-der-telealarm-auf-der-altenpflege-2026-in-essen\/","og_site_name":"TeleAlarm","article_published_time":"2026-04-24T07:22:54+00:00","article_modified_time":"2026-04-27T10:39:16+00:00","og_image":[{"width":1600,"height":1200,"url":"https:\/\/www.telealarm.com\/wp-content\/uploads\/WhatsApp-Image-2026-04-23-at-08.04.10.jpeg","type":"image\/jpeg"}],"author":"TeleAlarm Europe GmbH Thomas Kinnigkeit","twitter_card":"summary_large_image","twitter_misc":{"\u00c9crit par":"TeleAlarm Europe GmbH Thomas Kinnigkeit","Dur\u00e9e de lecture estim\u00e9e":"1 minute"},"schema":{"@context":"https:\/\/schema.org","@graph":[{"@type":"WebPage","@id":"https:\/\/www.telealarm.com\/fr\/erfolgreicher-auftritt-der-telealarm-auf-der-altenpflege-2026-in-essen\/","url":"https:\/\/www.telealarm.com\/fr\/erfolgreicher-auftritt-der-telealarm-auf-der-altenpflege-2026-in-essen\/","name":"Participation r\u00e9ussie de TeleAlarm \u00e0 Altenpflege 2026 \u00e0 Essen","isPartOf":{"@id":"https:\/\/www.telealarm.com\/#website"},"datePublished":"2026-04-24T07:22:54+00:00","dateModified":"2026-04-27T10:39:16+00:00","author":{"@id":"https:\/\/www.telealarm.com\/#\/schema\/person\/6e3c299c8bd84d996569a32701ca2045"},"description":"Cette ann\u00e9e encore, TeleAlarm \u00e9tait pr\u00e9sent au salon Altenpflege 2026, le rendez-vous incontournable du secteur des soins, qui s\u2019est tenu \u00e0 Essen.","breadcrumb":{"@id":"https:\/\/www.telealarm.com\/fr\/erfolgreicher-auftritt-der-telealarm-auf-der-altenpflege-2026-in-essen\/#breadcrumb"},"inLanguage":"fr-FR","potentialAction":[{"@type":"ReadAction","target":["https:\/\/www.telealarm.com\/fr\/erfolgreicher-auftritt-der-telealarm-auf-der-altenpflege-2026-in-essen\/"]}]},{"@type":"BreadcrumbList","@id":"https:\/\/www.telealarm.com\/fr\/erfolgreicher-auftritt-der-telealarm-auf-der-altenpflege-2026-in-essen\/#breadcrumb","itemListElement":[{"@type":"ListItem","position":1,"name":"Startseite","item":"https:\/\/www.telealarm.com\/fr\/"},{"@type":"ListItem","position":2,"name":"Participation r\u00e9ussie de TeleAlarm \u00e0 Altenpflege 2026 \u00e0 Essen"}]},{"@type":"WebSite","@id":"https:\/\/www.telealarm.com\/#website","url":"https:\/\/www.telealarm.com\/","name":"TeleAlarm","description":"Swiss Design","potentialAction":[{"@type":"SearchAction","target":{"@type":"EntryPoint","urlTemplate":"https:\/\/www.telealarm.com\/?s={search_term_string}"},"query-input":"required name=search_term_string"}],"inLanguage":"fr-FR"},{"@type":"Person","@id":"https:\/\/www.telealarm.com\/#\/schema\/person\/6e3c299c8bd84d996569a32701ca2045","name":"TeleAlarm Europe GmbH Thomas Kinnigkeit","image":{"@type":"ImageObject","inLanguage":"fr-FR","@id":"https:\/\/www.telealarm.com\/#\/schema\/person\/image\/","url":"https:\/\/secure.gravatar.com\/avatar\/ef50a4f098284aaaf95f4ffdb910ae8ee6cbcf54018824ed85163398c114e62e?s=96&d=mm&r=g","contentUrl":"https:\/\/secure.gravatar.com\/avatar\/ef50a4f098284aaaf95f4ffdb910ae8ee6cbcf54018824ed85163398c114e62e?s=96&d=mm&r=g","caption":"TeleAlarm Europe GmbH Thomas Kinnigkeit"}}]}},"_links":{"self":[{"href":"https:\/\/www.telealarm.com\/fr\/wp-json\/wp\/v2\/posts\/70045\/"}],"collection":[{"href":"https:\/\/www.telealarm.com\/fr\/wp-json\/wp\/v2\/posts\/"}],"about":[{"href":"https:\/\/www.telealarm.com\/fr\/wp-json\/wp\/v2\/types\/post\/"}],"author":[{"embeddable":true,"href":"https:\/\/www.telealarm.com\/fr\/wp-json\/wp\/v2\/users\/504\/"}],"replies":[{"embeddable":true,"href":"https:\/\/www.telealarm.com\/fr\/wp-json\/wp\/v2\/comments\/?post=70045"}],"version-history":[{"count":4,"href":"https:\/\/www.telealarm.com\/fr\/wp-json\/wp\/v2\/posts\/70045\/revisions\/"}],"predecessor-version":[{"id":70059,"href":"https:\/\/www.telealarm.com\/fr\/wp-json\/wp\/v2\/posts\/70045\/revisions\/70059\/"}],"wp:featuredmedia":[{"embeddable":true,"href":"https:\/\/www.telealarm.com\/fr\/wp-json\/wp\/v2\/media\/69994\/"}],"wp:attachment":[{"href":"https:\/\/www.telealarm.com\/fr\/wp-json\/wp\/v2\/media\/?parent=70045"}],"wp:term":[{"taxonomy":"category","embeddable":true,"href":"https:\/\/www.telealarm.com\/fr\/wp-json\/wp\/v2\/categories\/?post=70045"},{"taxonomy":"post_tag","embeddable":true,"href":"https:\/\/www.telealarm.com\/fr\/wp-json\/wp\/v2\/tags\/?post=70045"}],"curies":[{"name":"wp","href":"https:\/\/api.w.org\/{rel}","templated":true}]}}