{"id":67783,"date":"2025-06-09T13:55:02","date_gmt":"2025-06-09T11:55:02","guid":{"rendered":"https:\/\/www.telealarm.com\/?p=67783"},"modified":"2025-06-09T13:55:50","modified_gmt":"2025-06-09T11:55:50","slug":"telealarm-devoile-son-nouveau-logo-refletant-son-integration-au-sein-du-groupe-assa-abloy","status":"publish","type":"post","link":"https:\/\/www.telealarm.com\/fr\/telealarm-devoile-son-nouveau-logo-refletant-son-integration-au-sein-du-groupe-assa-abloy\/","title":{"rendered":"TeleAlarm d\u00e9voile son nouveau logo, refl\u00e9tant son int\u00e9gration au sein du groupe ASSA ABLOY"},"content":{"rendered":"<p data-start=\"147\" data-end=\"512\">Nous sommes ravis de vous pr\u00e9senter officiellement notre nouveau logo, une \u00e9tape importante dans l\u2019harmonisation de notre identit\u00e9 de marque avec celle du groupe ASSA ABLOY. Ce nouveau design r\u00e9unit les logos de TeleAlarm et d\u2019ASSA ABLOY dans une identit\u00e9 visuelle commune, mettant en \u00e9vidence notre \u00e9troite affiliation avec le leader mondial des solutions d\u2019acc\u00e8s.<\/p>\n<p data-start=\"514\" data-end=\"910\">En tant que membre fier de la division Senior Care d\u2019ASSA ABLOY, TeleAlarm s\u2019engage \u00e0 contribuer de mani\u00e8re significative gr\u00e2ce \u00e0 sa gamme de syst\u00e8mes d\u2019alerte personnelle. Nos solutions sont con\u00e7ues pour renforcer la s\u00e9curit\u00e9 et l\u2019autonomie, et nous sommes fiers d\u2019apporter notre propre empreinte au sein du groupe gr\u00e2ce \u00e0 l\u2019innovation et \u00e0 une technologie centr\u00e9e sur les besoins des personnes.<\/p>\n<p data-start=\"912\" data-end=\"1138\">Ce changement d\u2019image refl\u00e8te non seulement nos valeurs et notre vision communes, mais aussi notre engagement constant \u00e0 fournir des solutions fiables et de haute qualit\u00e9 pour le soin des personnes \u00e2g\u00e9es, en Europe et au-del\u00e0.<\/p>\n","protected":false},"excerpt":{"rendered":"<p>Nous sommes ravis de vous pr\u00e9senter officiellement notre nouveau logo, une \u00e9tape importante dans l\u2019harmonisation de notre identit\u00e9 de marque avec celle du groupe ASSA ABLOY. Ce nouveau design r\u00e9unit les logos de TeleAlarm et d\u2019ASSA ABLOY dans une identit\u00e9 visuelle commune, mettant en \u00e9vidence notre \u00e9troite affiliation avec le leader mondial des solutions d\u2019acc\u00e8s.&hellip;<\/p>\n","protected":false},"author":504,"featured_media":67777,"comment_status":"closed","ping_status":"closed","sticky":false,"template":"","format":"standard","meta":{"_monsterinsights_skip_tracking":false,"_monsterinsights_sitenote_active":false,"_monsterinsights_sitenote_note":"","_monsterinsights_sitenote_category":0,"footnotes":""},"categories":["86","95","96","98","196","243","244","245","246","247","248","250","290","295","296","297","298","299","300","301","302","303","304","305","306","307","308","309","310","311","312","313","314","315","316","317","318","319","320","321","322","323","324","325","437","464"],"tags":[],"class_list":{"0":"post-67783","1":"post","2":"type-post","3":"status-publish","4":"format-standard","5":"has-post-thumbnail","6":"hentry","7":"category-lms-fr","8":"category-uncategorized-fr","12":"category-hausnotruf-fr","13":"category-nurse-call-fr","20":"category-evenement-fr","25":"category-uncategorized-en","27":"category-le-saviez-vous","28":"category-produits-et-technologie","29":"category-foires-et-manifestations","30":"category-actualites-autour-de-telealarm","31":"category-nouvelles-du-secteur","32":"category-rapport-dexperiences-et-interviews","52":"category-karriere","53":"category-296","54":"category-98","58":"category-301","59":"category-250","66":"category-295","71":"category-300","73":"category-314","74":"category-319","75":"category-318","76":"category-317","77":"category-316","78":"category-315","98":"category-464","99":"description-off"},"yoast_head":"<!-- This site is optimized with the Yoast SEO plugin v20.2.1 - https:\/\/yoast.com\/wordpress\/plugins\/seo\/ -->\n<title>TeleAlarm d\u00e9voile son nouveau logo, refl\u00e9tant son int\u00e9gration au sein du groupe ASSA ABLOY<\/title>\n<meta name=\"description\" content=\"Nous sommes ravis de vous pr\u00e9senter officiellement notre nouveau logo, une \u00e9tape importante dans l\u2019harmonisation de notre identit\u00e9 de marque avec celle du\" \/>\n<meta name=\"robots\" content=\"index, follow, max-snippet:-1, max-image-preview:large, max-video-preview:-1\" \/>\n<link rel=\"canonical\" href=\"https:\/\/www.telealarm.com\/fr\/telealarm-devoile-son-nouveau-logo-refletant-son-integration-au-sein-du-groupe-assa-abloy\/\" \/>\n<meta property=\"og:locale\" content=\"fr_FR\" \/>\n<meta property=\"og:type\" content=\"article\" \/>\n<meta property=\"og:title\" content=\"TeleAlarm d\u00e9voile son nouveau logo, refl\u00e9tant son int\u00e9gration au sein du groupe ASSA ABLOY\" \/>\n<meta property=\"og:description\" content=\"Nous sommes ravis de vous pr\u00e9senter officiellement notre nouveau logo, une \u00e9tape importante dans l\u2019harmonisation de notre identit\u00e9 de marque avec celle du\" \/>\n<meta property=\"og:url\" content=\"https:\/\/www.telealarm.com\/fr\/telealarm-devoile-son-nouveau-logo-refletant-son-integration-au-sein-du-groupe-assa-abloy\/\" \/>\n<meta property=\"og:site_name\" content=\"TeleAlarm\" \/>\n<meta property=\"article:published_time\" content=\"2025-06-09T11:55:02+00:00\" \/>\n<meta property=\"article:modified_time\" content=\"2025-06-09T11:55:50+00:00\" \/>\n<meta property=\"og:image\" content=\"https:\/\/www.telealarm.com\/wp-content\/uploads\/TA_AA_Logo_2025_post.jpg\" \/>\n\t<meta property=\"og:image:width\" content=\"2048\" \/>\n\t<meta property=\"og:image:height\" content=\"1073\" \/>\n\t<meta property=\"og:image:type\" content=\"image\/jpeg\" \/>\n<meta name=\"author\" content=\"TeleAlarm Europe GmbH Thomas Kinnigkeit\" \/>\n<meta name=\"twitter:card\" content=\"summary_large_image\" \/>\n<meta name=\"twitter:label1\" content=\"\u00c9crit par\" \/>\n\t<meta name=\"twitter:data1\" content=\"TeleAlarm Europe GmbH Thomas Kinnigkeit\" \/>\n\t<meta name=\"twitter:label2\" content=\"Dur\u00e9e de lecture estim\u00e9e\" \/>\n\t<meta name=\"twitter:data2\" content=\"1 minute\" \/>\n<script type=\"application\/ld+json\" class=\"yoast-schema-graph\">{\"@context\":\"https:\/\/schema.org\",\"@graph\":[{\"@type\":\"WebPage\",\"@id\":\"https:\/\/www.telealarm.com\/fr\/telealarm-devoile-son-nouveau-logo-refletant-son-integration-au-sein-du-groupe-assa-abloy\/\",\"url\":\"https:\/\/www.telealarm.com\/fr\/telealarm-devoile-son-nouveau-logo-refletant-son-integration-au-sein-du-groupe-assa-abloy\/\",\"name\":\"TeleAlarm d\u00e9voile son nouveau logo, refl\u00e9tant son int\u00e9gration au sein du groupe ASSA ABLOY\",\"isPartOf\":{\"@id\":\"https:\/\/www.telealarm.com\/#website\"},\"datePublished\":\"2025-06-09T11:55:02+00:00\",\"dateModified\":\"2025-06-09T11:55:50+00:00\",\"author\":{\"@id\":\"https:\/\/www.telealarm.com\/#\/schema\/person\/6e3c299c8bd84d996569a32701ca2045\"},\"description\":\"Nous sommes ravis de vous pr\u00e9senter officiellement notre nouveau logo, une \u00e9tape importante dans l\u2019harmonisation de notre identit\u00e9 de marque avec celle du\",\"breadcrumb\":{\"@id\":\"https:\/\/www.telealarm.com\/fr\/telealarm-devoile-son-nouveau-logo-refletant-son-integration-au-sein-du-groupe-assa-abloy\/#breadcrumb\"},\"inLanguage\":\"fr-FR\",\"potentialAction\":[{\"@type\":\"ReadAction\",\"target\":[\"https:\/\/www.telealarm.com\/fr\/telealarm-devoile-son-nouveau-logo-refletant-son-integration-au-sein-du-groupe-assa-abloy\/\"]}]},{\"@type\":\"BreadcrumbList\",\"@id\":\"https:\/\/www.telealarm.com\/fr\/telealarm-devoile-son-nouveau-logo-refletant-son-integration-au-sein-du-groupe-assa-abloy\/#breadcrumb\",\"itemListElement\":[{\"@type\":\"ListItem\",\"position\":1,\"name\":\"Startseite\",\"item\":\"https:\/\/www.telealarm.com\/fr\/\"},{\"@type\":\"ListItem\",\"position\":2,\"name\":\"TeleAlarm d\u00e9voile son nouveau logo, refl\u00e9tant son int\u00e9gration au sein du groupe ASSA ABLOY\"}]},{\"@type\":\"WebSite\",\"@id\":\"https:\/\/www.telealarm.com\/#website\",\"url\":\"https:\/\/www.telealarm.com\/\",\"name\":\"TeleAlarm\",\"description\":\"Swiss Design\",\"potentialAction\":[{\"@type\":\"SearchAction\",\"target\":{\"@type\":\"EntryPoint\",\"urlTemplate\":\"https:\/\/www.telealarm.com\/?s={search_term_string}\"},\"query-input\":\"required name=search_term_string\"}],\"inLanguage\":\"fr-FR\"},{\"@type\":\"Person\",\"@id\":\"https:\/\/www.telealarm.com\/#\/schema\/person\/6e3c299c8bd84d996569a32701ca2045\",\"name\":\"TeleAlarm Europe GmbH Thomas Kinnigkeit\",\"image\":{\"@type\":\"ImageObject\",\"inLanguage\":\"fr-FR\",\"@id\":\"https:\/\/www.telealarm.com\/#\/schema\/person\/image\/\",\"url\":\"https:\/\/secure.gravatar.com\/avatar\/ef50a4f098284aaaf95f4ffdb910ae8ee6cbcf54018824ed85163398c114e62e?s=96&d=mm&r=g\",\"contentUrl\":\"https:\/\/secure.gravatar.com\/avatar\/ef50a4f098284aaaf95f4ffdb910ae8ee6cbcf54018824ed85163398c114e62e?s=96&d=mm&r=g\",\"caption\":\"TeleAlarm Europe GmbH Thomas Kinnigkeit\"}}]}<\/script>\n<!-- \/ Yoast SEO plugin. -->","yoast_head_json":{"title":"TeleAlarm d\u00e9voile son nouveau logo, refl\u00e9tant son int\u00e9gration au sein du groupe ASSA ABLOY","description":"Nous sommes ravis de vous pr\u00e9senter officiellement notre nouveau logo, une \u00e9tape importante dans l\u2019harmonisation de notre identit\u00e9 de marque avec celle du","robots":{"index":"index","follow":"follow","max-snippet":"max-snippet:-1","max-image-preview":"max-image-preview:large","max-video-preview":"max-video-preview:-1"},"canonical":"https:\/\/www.telealarm.com\/fr\/telealarm-devoile-son-nouveau-logo-refletant-son-integration-au-sein-du-groupe-assa-abloy\/","og_locale":"fr_FR","og_type":"article","og_title":"TeleAlarm d\u00e9voile son nouveau logo, refl\u00e9tant son int\u00e9gration au sein du groupe ASSA ABLOY","og_description":"Nous sommes ravis de vous pr\u00e9senter officiellement notre nouveau logo, une \u00e9tape importante dans l\u2019harmonisation de notre identit\u00e9 de marque avec celle du","og_url":"https:\/\/www.telealarm.com\/fr\/telealarm-devoile-son-nouveau-logo-refletant-son-integration-au-sein-du-groupe-assa-abloy\/","og_site_name":"TeleAlarm","article_published_time":"2025-06-09T11:55:02+00:00","article_modified_time":"2025-06-09T11:55:50+00:00","og_image":[{"width":2048,"height":1073,"url":"https:\/\/www.telealarm.com\/wp-content\/uploads\/TA_AA_Logo_2025_post.jpg","type":"image\/jpeg"}],"author":"TeleAlarm Europe GmbH Thomas Kinnigkeit","twitter_card":"summary_large_image","twitter_misc":{"\u00c9crit par":"TeleAlarm Europe GmbH Thomas Kinnigkeit","Dur\u00e9e de lecture estim\u00e9e":"1 minute"},"schema":{"@context":"https:\/\/schema.org","@graph":[{"@type":"WebPage","@id":"https:\/\/www.telealarm.com\/fr\/telealarm-devoile-son-nouveau-logo-refletant-son-integration-au-sein-du-groupe-assa-abloy\/","url":"https:\/\/www.telealarm.com\/fr\/telealarm-devoile-son-nouveau-logo-refletant-son-integration-au-sein-du-groupe-assa-abloy\/","name":"TeleAlarm d\u00e9voile son nouveau logo, refl\u00e9tant son int\u00e9gration au sein du groupe ASSA ABLOY","isPartOf":{"@id":"https:\/\/www.telealarm.com\/#website"},"datePublished":"2025-06-09T11:55:02+00:00","dateModified":"2025-06-09T11:55:50+00:00","author":{"@id":"https:\/\/www.telealarm.com\/#\/schema\/person\/6e3c299c8bd84d996569a32701ca2045"},"description":"Nous sommes ravis de vous pr\u00e9senter officiellement notre nouveau logo, une \u00e9tape importante dans l\u2019harmonisation de notre identit\u00e9 de marque avec celle du","breadcrumb":{"@id":"https:\/\/www.telealarm.com\/fr\/telealarm-devoile-son-nouveau-logo-refletant-son-integration-au-sein-du-groupe-assa-abloy\/#breadcrumb"},"inLanguage":"fr-FR","potentialAction":[{"@type":"ReadAction","target":["https:\/\/www.telealarm.com\/fr\/telealarm-devoile-son-nouveau-logo-refletant-son-integration-au-sein-du-groupe-assa-abloy\/"]}]},{"@type":"BreadcrumbList","@id":"https:\/\/www.telealarm.com\/fr\/telealarm-devoile-son-nouveau-logo-refletant-son-integration-au-sein-du-groupe-assa-abloy\/#breadcrumb","itemListElement":[{"@type":"ListItem","position":1,"name":"Startseite","item":"https:\/\/www.telealarm.com\/fr\/"},{"@type":"ListItem","position":2,"name":"TeleAlarm d\u00e9voile son nouveau logo, refl\u00e9tant son int\u00e9gration au sein du groupe ASSA ABLOY"}]},{"@type":"WebSite","@id":"https:\/\/www.telealarm.com\/#website","url":"https:\/\/www.telealarm.com\/","name":"TeleAlarm","description":"Swiss Design","potentialAction":[{"@type":"SearchAction","target":{"@type":"EntryPoint","urlTemplate":"https:\/\/www.telealarm.com\/?s={search_term_string}"},"query-input":"required name=search_term_string"}],"inLanguage":"fr-FR"},{"@type":"Person","@id":"https:\/\/www.telealarm.com\/#\/schema\/person\/6e3c299c8bd84d996569a32701ca2045","name":"TeleAlarm Europe GmbH Thomas Kinnigkeit","image":{"@type":"ImageObject","inLanguage":"fr-FR","@id":"https:\/\/www.telealarm.com\/#\/schema\/person\/image\/","url":"https:\/\/secure.gravatar.com\/avatar\/ef50a4f098284aaaf95f4ffdb910ae8ee6cbcf54018824ed85163398c114e62e?s=96&d=mm&r=g","contentUrl":"https:\/\/secure.gravatar.com\/avatar\/ef50a4f098284aaaf95f4ffdb910ae8ee6cbcf54018824ed85163398c114e62e?s=96&d=mm&r=g","caption":"TeleAlarm Europe GmbH Thomas Kinnigkeit"}}]}},"_links":{"self":[{"href":"https:\/\/www.telealarm.com\/fr\/wp-json\/wp\/v2\/posts\/67783\/"}],"collection":[{"href":"https:\/\/www.telealarm.com\/fr\/wp-json\/wp\/v2\/posts\/"}],"about":[{"href":"https:\/\/www.telealarm.com\/fr\/wp-json\/wp\/v2\/types\/post\/"}],"author":[{"embeddable":true,"href":"https:\/\/www.telealarm.com\/fr\/wp-json\/wp\/v2\/users\/504\/"}],"replies":[{"embeddable":true,"href":"https:\/\/www.telealarm.com\/fr\/wp-json\/wp\/v2\/comments\/?post=67783"}],"version-history":[{"count":1,"href":"https:\/\/www.telealarm.com\/fr\/wp-json\/wp\/v2\/posts\/67783\/revisions\/"}],"predecessor-version":[{"id":67785,"href":"https:\/\/www.telealarm.com\/fr\/wp-json\/wp\/v2\/posts\/67783\/revisions\/67785\/"}],"wp:featuredmedia":[{"embeddable":true,"href":"https:\/\/www.telealarm.com\/fr\/wp-json\/wp\/v2\/media\/67777\/"}],"wp:attachment":[{"href":"https:\/\/www.telealarm.com\/fr\/wp-json\/wp\/v2\/media\/?parent=67783"}],"wp:term":[{"taxonomy":"category","embeddable":true,"href":"https:\/\/www.telealarm.com\/fr\/wp-json\/wp\/v2\/categories\/?post=67783"},{"taxonomy":"post_tag","embeddable":true,"href":"https:\/\/www.telealarm.com\/fr\/wp-json\/wp\/v2\/tags\/?post=67783"}],"curies":[{"name":"wp","href":"https:\/\/api.w.org\/{rel}","templated":true}]}}