{"id":67288,"date":"2025-03-27T13:25:54","date_gmt":"2025-03-27T12:25:54","guid":{"rendered":"https:\/\/www.telealarm.com\/?p=67288"},"modified":"2025-03-27T13:25:54","modified_gmt":"2025-03-27T12:25:54","slug":"le-siege-de-telealarm-demenage","status":"publish","type":"post","link":"https:\/\/www.telealarm.com\/fr\/le-siege-de-telealarm-demenage\/","title":{"rendered":"Le si\u00e8ge de TeleAlarm d\u00e9m\u00e9nage !"},"content":{"rendered":"<p class=\"\" data-start=\"43\" data-end=\"266\">\u00c0 partir du <strong data-start=\"55\" data-end=\"71\">1er mai 2025<\/strong>, vous pourrez nous joindre \u00e0 une nouvelle adresse. Nous sommes ravis de cette \u00e9volution et convaincus de pouvoir continuer \u00e0 vous offrir le meilleur service possible depuis notre nouveau site.<\/p>\n<p class=\"\" data-start=\"268\" data-end=\"369\">\ud83d\udccd <strong data-start=\"271\" data-end=\"293\">Nouvelle adresse :<\/strong><br data-start=\"293\" data-end=\"296\" \/>TeleAlarm Europe GmbH<br data-start=\"317\" data-end=\"320\" \/>Torgauer Stra\u00dfe 231<br data-start=\"339\" data-end=\"342\" \/>04347 Leipzig &#8211; Allemagne<\/p>\n<p class=\"\" data-start=\"371\" data-end=\"471\">\ud83d\udcde <strong data-start=\"374\" data-end=\"407\">Nouveau num\u00e9ro de t\u00e9l\u00e9phone :<\/strong> Bient\u00f4t disponible \u2013 nous vous informerons d\u00e8s que possible !<\/p>\n<p class=\"\" data-start=\"473\" data-end=\"623\">Nous vous tiendrons bien entendu inform\u00e9s. Si vous avez des questions, n\u2019h\u00e9sitez pas \u00e0 nous contacter. Merci pour votre confiance et votre soutien !<\/p>\n","protected":false},"excerpt":{"rendered":"<p>\u00c0 partir du 1er mai 2025, vous pourrez nous joindre \u00e0 une nouvelle adresse. Nous sommes ravis de cette \u00e9volution et convaincus de pouvoir continuer \u00e0 vous offrir le meilleur service possible depuis notre nouveau site. \ud83d\udccd Nouvelle adresse :TeleAlarm Europe GmbHTorgauer Stra\u00dfe 23104347 Leipzig &#8211; Allemagne \ud83d\udcde Nouveau num\u00e9ro de t\u00e9l\u00e9phone : Bient\u00f4t disponible&hellip;<\/p>\n","protected":false},"author":504,"featured_media":67279,"comment_status":"closed","ping_status":"closed","sticky":false,"template":"","format":"standard","meta":{"_monsterinsights_skip_tracking":false,"_monsterinsights_sitenote_active":false,"_monsterinsights_sitenote_note":"","_monsterinsights_sitenote_category":0,"footnotes":""},"categories":["86","95","96","98","196","243","244","245","246","247","248","250","290","295","296","297","298","299","300","301","302","303","304","305","306","307","308","309","310","311","312","313","314","315","316","317","318","319","320","321","322","323","324","325","437","464"],"tags":[],"class_list":{"0":"post-67288","1":"post","2":"type-post","3":"status-publish","4":"format-standard","5":"has-post-thumbnail","6":"hentry","7":"category-lms-fr","8":"category-uncategorized-fr","12":"category-hausnotruf-fr","13":"category-nurse-call-fr","20":"category-evenement-fr","25":"category-uncategorized-en","27":"category-le-saviez-vous","28":"category-produits-et-technologie","29":"category-foires-et-manifestations","30":"category-actualites-autour-de-telealarm","31":"category-nouvelles-du-secteur","32":"category-rapport-dexperiences-et-interviews","52":"category-karriere","53":"category-296","54":"category-98","58":"category-301","59":"category-250","66":"category-295","71":"category-300","73":"category-314","74":"category-319","75":"category-318","76":"category-317","77":"category-316","78":"category-315","98":"category-464","99":"description-off"},"yoast_head":"<!-- This site is optimized with the Yoast SEO plugin v20.2.1 - https:\/\/yoast.com\/wordpress\/plugins\/seo\/ -->\n<title>Le si\u00e8ge de TeleAlarm d\u00e9m\u00e9nage !<\/title>\n<meta name=\"description\" content=\"\u00c0 partir du 1er mai 2025, vous pourrez nous joindre \u00e0 une nouvelle adresse. Nous sommes ravis de cette \u00e9volution et convaincus de pouvoir continuer \u00e0 vous\" \/>\n<meta name=\"robots\" content=\"index, follow, max-snippet:-1, max-image-preview:large, max-video-preview:-1\" \/>\n<link rel=\"canonical\" href=\"https:\/\/www.telealarm.com\/fr\/le-siege-de-telealarm-demenage\/\" \/>\n<meta property=\"og:locale\" content=\"fr_FR\" \/>\n<meta property=\"og:type\" content=\"article\" \/>\n<meta property=\"og:title\" content=\"Le si\u00e8ge de TeleAlarm d\u00e9m\u00e9nage !\" \/>\n<meta property=\"og:description\" content=\"\u00c0 partir du 1er mai 2025, vous pourrez nous joindre \u00e0 une nouvelle adresse. Nous sommes ravis de cette \u00e9volution et convaincus de pouvoir continuer \u00e0 vous\" \/>\n<meta property=\"og:url\" content=\"https:\/\/www.telealarm.com\/fr\/le-siege-de-telealarm-demenage\/\" \/>\n<meta property=\"og:site_name\" content=\"TeleAlarm\" \/>\n<meta property=\"article:published_time\" content=\"2025-03-27T12:25:54+00:00\" \/>\n<meta property=\"og:image\" content=\"https:\/\/www.telealarm.com\/wp-content\/uploads\/TeleAlarm_Office_3.jpg\" \/>\n\t<meta property=\"og:image:width\" content=\"2048\" \/>\n\t<meta property=\"og:image:height\" content=\"1365\" \/>\n\t<meta property=\"og:image:type\" content=\"image\/jpeg\" \/>\n<meta name=\"author\" content=\"TeleAlarm Europe GmbH Thomas Kinnigkeit\" \/>\n<meta name=\"twitter:card\" content=\"summary_large_image\" \/>\n<meta name=\"twitter:label1\" content=\"\u00c9crit par\" \/>\n\t<meta name=\"twitter:data1\" content=\"TeleAlarm Europe GmbH Thomas Kinnigkeit\" \/>\n<script type=\"application\/ld+json\" class=\"yoast-schema-graph\">{\"@context\":\"https:\/\/schema.org\",\"@graph\":[{\"@type\":\"WebPage\",\"@id\":\"https:\/\/www.telealarm.com\/fr\/le-siege-de-telealarm-demenage\/\",\"url\":\"https:\/\/www.telealarm.com\/fr\/le-siege-de-telealarm-demenage\/\",\"name\":\"Le si\u00e8ge de TeleAlarm d\u00e9m\u00e9nage !\",\"isPartOf\":{\"@id\":\"https:\/\/www.telealarm.com\/#website\"},\"datePublished\":\"2025-03-27T12:25:54+00:00\",\"dateModified\":\"2025-03-27T12:25:54+00:00\",\"author\":{\"@id\":\"https:\/\/www.telealarm.com\/#\/schema\/person\/6e3c299c8bd84d996569a32701ca2045\"},\"description\":\"\u00c0 partir du 1er mai 2025, vous pourrez nous joindre \u00e0 une nouvelle adresse. Nous sommes ravis de cette \u00e9volution et convaincus de pouvoir continuer \u00e0 vous\",\"breadcrumb\":{\"@id\":\"https:\/\/www.telealarm.com\/fr\/le-siege-de-telealarm-demenage\/#breadcrumb\"},\"inLanguage\":\"fr-FR\",\"potentialAction\":[{\"@type\":\"ReadAction\",\"target\":[\"https:\/\/www.telealarm.com\/fr\/le-siege-de-telealarm-demenage\/\"]}]},{\"@type\":\"BreadcrumbList\",\"@id\":\"https:\/\/www.telealarm.com\/fr\/le-siege-de-telealarm-demenage\/#breadcrumb\",\"itemListElement\":[{\"@type\":\"ListItem\",\"position\":1,\"name\":\"Startseite\",\"item\":\"https:\/\/www.telealarm.com\/fr\/\"},{\"@type\":\"ListItem\",\"position\":2,\"name\":\"Le si\u00e8ge de TeleAlarm d\u00e9m\u00e9nage !\"}]},{\"@type\":\"WebSite\",\"@id\":\"https:\/\/www.telealarm.com\/#website\",\"url\":\"https:\/\/www.telealarm.com\/\",\"name\":\"TeleAlarm\",\"description\":\"Swiss Design\",\"potentialAction\":[{\"@type\":\"SearchAction\",\"target\":{\"@type\":\"EntryPoint\",\"urlTemplate\":\"https:\/\/www.telealarm.com\/?s={search_term_string}\"},\"query-input\":\"required name=search_term_string\"}],\"inLanguage\":\"fr-FR\"},{\"@type\":\"Person\",\"@id\":\"https:\/\/www.telealarm.com\/#\/schema\/person\/6e3c299c8bd84d996569a32701ca2045\",\"name\":\"TeleAlarm Europe GmbH Thomas Kinnigkeit\",\"image\":{\"@type\":\"ImageObject\",\"inLanguage\":\"fr-FR\",\"@id\":\"https:\/\/www.telealarm.com\/#\/schema\/person\/image\/\",\"url\":\"https:\/\/secure.gravatar.com\/avatar\/ef50a4f098284aaaf95f4ffdb910ae8ee6cbcf54018824ed85163398c114e62e?s=96&d=mm&r=g\",\"contentUrl\":\"https:\/\/secure.gravatar.com\/avatar\/ef50a4f098284aaaf95f4ffdb910ae8ee6cbcf54018824ed85163398c114e62e?s=96&d=mm&r=g\",\"caption\":\"TeleAlarm Europe GmbH Thomas Kinnigkeit\"}}]}<\/script>\n<!-- \/ Yoast SEO plugin. -->","yoast_head_json":{"title":"Le si\u00e8ge de TeleAlarm d\u00e9m\u00e9nage !","description":"\u00c0 partir du 1er mai 2025, vous pourrez nous joindre \u00e0 une nouvelle adresse. Nous sommes ravis de cette \u00e9volution et convaincus de pouvoir continuer \u00e0 vous","robots":{"index":"index","follow":"follow","max-snippet":"max-snippet:-1","max-image-preview":"max-image-preview:large","max-video-preview":"max-video-preview:-1"},"canonical":"https:\/\/www.telealarm.com\/fr\/le-siege-de-telealarm-demenage\/","og_locale":"fr_FR","og_type":"article","og_title":"Le si\u00e8ge de TeleAlarm d\u00e9m\u00e9nage !","og_description":"\u00c0 partir du 1er mai 2025, vous pourrez nous joindre \u00e0 une nouvelle adresse. Nous sommes ravis de cette \u00e9volution et convaincus de pouvoir continuer \u00e0 vous","og_url":"https:\/\/www.telealarm.com\/fr\/le-siege-de-telealarm-demenage\/","og_site_name":"TeleAlarm","article_published_time":"2025-03-27T12:25:54+00:00","og_image":[{"width":2048,"height":1365,"url":"https:\/\/www.telealarm.com\/wp-content\/uploads\/TeleAlarm_Office_3.jpg","type":"image\/jpeg"}],"author":"TeleAlarm Europe GmbH Thomas Kinnigkeit","twitter_card":"summary_large_image","twitter_misc":{"\u00c9crit par":"TeleAlarm Europe GmbH Thomas Kinnigkeit"},"schema":{"@context":"https:\/\/schema.org","@graph":[{"@type":"WebPage","@id":"https:\/\/www.telealarm.com\/fr\/le-siege-de-telealarm-demenage\/","url":"https:\/\/www.telealarm.com\/fr\/le-siege-de-telealarm-demenage\/","name":"Le si\u00e8ge de TeleAlarm d\u00e9m\u00e9nage !","isPartOf":{"@id":"https:\/\/www.telealarm.com\/#website"},"datePublished":"2025-03-27T12:25:54+00:00","dateModified":"2025-03-27T12:25:54+00:00","author":{"@id":"https:\/\/www.telealarm.com\/#\/schema\/person\/6e3c299c8bd84d996569a32701ca2045"},"description":"\u00c0 partir du 1er mai 2025, vous pourrez nous joindre \u00e0 une nouvelle adresse. Nous sommes ravis de cette \u00e9volution et convaincus de pouvoir continuer \u00e0 vous","breadcrumb":{"@id":"https:\/\/www.telealarm.com\/fr\/le-siege-de-telealarm-demenage\/#breadcrumb"},"inLanguage":"fr-FR","potentialAction":[{"@type":"ReadAction","target":["https:\/\/www.telealarm.com\/fr\/le-siege-de-telealarm-demenage\/"]}]},{"@type":"BreadcrumbList","@id":"https:\/\/www.telealarm.com\/fr\/le-siege-de-telealarm-demenage\/#breadcrumb","itemListElement":[{"@type":"ListItem","position":1,"name":"Startseite","item":"https:\/\/www.telealarm.com\/fr\/"},{"@type":"ListItem","position":2,"name":"Le si\u00e8ge de TeleAlarm d\u00e9m\u00e9nage !"}]},{"@type":"WebSite","@id":"https:\/\/www.telealarm.com\/#website","url":"https:\/\/www.telealarm.com\/","name":"TeleAlarm","description":"Swiss Design","potentialAction":[{"@type":"SearchAction","target":{"@type":"EntryPoint","urlTemplate":"https:\/\/www.telealarm.com\/?s={search_term_string}"},"query-input":"required name=search_term_string"}],"inLanguage":"fr-FR"},{"@type":"Person","@id":"https:\/\/www.telealarm.com\/#\/schema\/person\/6e3c299c8bd84d996569a32701ca2045","name":"TeleAlarm Europe GmbH Thomas Kinnigkeit","image":{"@type":"ImageObject","inLanguage":"fr-FR","@id":"https:\/\/www.telealarm.com\/#\/schema\/person\/image\/","url":"https:\/\/secure.gravatar.com\/avatar\/ef50a4f098284aaaf95f4ffdb910ae8ee6cbcf54018824ed85163398c114e62e?s=96&d=mm&r=g","contentUrl":"https:\/\/secure.gravatar.com\/avatar\/ef50a4f098284aaaf95f4ffdb910ae8ee6cbcf54018824ed85163398c114e62e?s=96&d=mm&r=g","caption":"TeleAlarm Europe GmbH Thomas Kinnigkeit"}}]}},"_links":{"self":[{"href":"https:\/\/www.telealarm.com\/fr\/wp-json\/wp\/v2\/posts\/67288\/"}],"collection":[{"href":"https:\/\/www.telealarm.com\/fr\/wp-json\/wp\/v2\/posts\/"}],"about":[{"href":"https:\/\/www.telealarm.com\/fr\/wp-json\/wp\/v2\/types\/post\/"}],"author":[{"embeddable":true,"href":"https:\/\/www.telealarm.com\/fr\/wp-json\/wp\/v2\/users\/504\/"}],"replies":[{"embeddable":true,"href":"https:\/\/www.telealarm.com\/fr\/wp-json\/wp\/v2\/comments\/?post=67288"}],"version-history":[{"count":1,"href":"https:\/\/www.telealarm.com\/fr\/wp-json\/wp\/v2\/posts\/67288\/revisions\/"}],"predecessor-version":[{"id":67290,"href":"https:\/\/www.telealarm.com\/fr\/wp-json\/wp\/v2\/posts\/67288\/revisions\/67290\/"}],"wp:featuredmedia":[{"embeddable":true,"href":"https:\/\/www.telealarm.com\/fr\/wp-json\/wp\/v2\/media\/67279\/"}],"wp:attachment":[{"href":"https:\/\/www.telealarm.com\/fr\/wp-json\/wp\/v2\/media\/?parent=67288"}],"wp:term":[{"taxonomy":"category","embeddable":true,"href":"https:\/\/www.telealarm.com\/fr\/wp-json\/wp\/v2\/categories\/?post=67288"},{"taxonomy":"post_tag","embeddable":true,"href":"https:\/\/www.telealarm.com\/fr\/wp-json\/wp\/v2\/tags\/?post=67288"}],"curies":[{"name":"wp","href":"https:\/\/api.w.org\/{rel}","templated":true}]}}