{"id":67246,"date":"2025-02-19T09:56:06","date_gmt":"2025-02-19T08:56:06","guid":{"rendered":"https:\/\/www.telealarm.com\/?p=67246"},"modified":"2025-02-19T09:56:06","modified_gmt":"2025-02-19T08:56:06","slug":"telealarm-au-congres-bundesverband-hausnotruf-e-v-2025-a-bamberg-unis-pour-une-securite-renforcee","status":"publish","type":"post","link":"https:\/\/www.telealarm.com\/fr\/telealarm-au-congres-bundesverband-hausnotruf-e-v-2025-a-bamberg-unis-pour-une-securite-renforcee\/","title":{"rendered":"TeleAlarm au Congr\u00e8s Bundesverband Hausnotruf e.V. 2025 \u00e0 Bamberg \u2013 Unis pour une s\u00e9curit\u00e9 renforc\u00e9e !"},"content":{"rendered":"<p data-start=\"110\" data-end=\"397\">Une fois de plus, <strong data-start=\"128\" data-end=\"141\">TeleAlarm<\/strong> est fier de participer au <strong data-start=\"168\" data-end=\"219\">Congr\u00e8s Bundesverband Hausnotruf e.V. \u00e0 Bamberg<\/strong>. Aux c\u00f4t\u00e9s des principaux experts du secteur, nous soulignons l&#8217;importance des <strong data-start=\"299\" data-end=\"313\">Carephones<\/strong>, une solution essentielle pour renforcer la s\u00e9curit\u00e9 et l&#8217;autonomie au quotidien.<\/p>\n<p data-start=\"399\" data-end=\"806\">Un moment cl\u00e9 de notre participation est le <strong data-start=\"443\" data-end=\"499\">lancement de ZorgServicePunt+ sur le march\u00e9 allemand<\/strong>. Notre filiale n\u00e9erlandaise ajoute d\u00e9sormais un <strong data-start=\"548\" data-end=\"568\">quatri\u00e8me pilier<\/strong> \u00e0 l\u2019activit\u00e9 de TeleAlarm : <strong data-start=\"597\" data-end=\"611\">le service<\/strong>. En proposant l&#8217;<strong data-start=\"628\" data-end=\"726\">installation professionnelle de syst\u00e8mes d\u2019appel d\u2019urgence directement chez les clients finaux<\/strong>, nous \u00e9largissons notre offre et garantissons un service encore plus complet.<\/p>\n<p data-start=\"808\" data-end=\"1025\"><strong data-start=\"808\" data-end=\"860\">Les repr\u00e9sentants de TeleAlarm lors du congr\u00e8s :<\/strong><br data-start=\"860\" data-end=\"863\" \/>\ud83d\udc64 <strong data-start=\"866\" data-end=\"885\">Dr. Arnd Karden<\/strong> \u2013 CEO<br data-start=\"891\" data-end=\"894\" \/>\ud83d\udc64 <strong data-start=\"897\" data-end=\"913\">David W\u00f6rner<\/strong> \u2013 Country Manager Allemagne &amp; Autriche<br data-start=\"952\" data-end=\"955\" \/>\ud83d\udc64 <strong data-start=\"958\" data-end=\"978\">Claudia Faesecke<\/strong> \u2013 Responsable Sud\/Ouest Allemagne &amp; Autriche<\/p>\n<p data-start=\"1027\" data-end=\"1232\" data-is-last-node=\"\">Nous sommes impatients d\u2019\u00e9changer avec nos coll\u00e8gues du secteur, d\u2019avoir des discussions enrichissantes et de cr\u00e9er de nouveaux partenariats pour fa\u00e7onner ensemble l\u2019avenir des syst\u00e8mes d\u2019appel d\u2019urgence !<\/p>\n","protected":false},"excerpt":{"rendered":"<p>Une fois de plus, TeleAlarm est fier de participer au Congr\u00e8s Bundesverband Hausnotruf e.V. \u00e0 Bamberg. Aux c\u00f4t\u00e9s des principaux experts du secteur, nous soulignons l&#8217;importance des Carephones, une solution essentielle pour renforcer la s\u00e9curit\u00e9 et l&#8217;autonomie au quotidien. Un moment cl\u00e9 de notre participation est le lancement de ZorgServicePunt+ sur le march\u00e9 allemand. Notre&hellip;<\/p>\n","protected":false},"author":504,"featured_media":67236,"comment_status":"closed","ping_status":"closed","sticky":false,"template":"","format":"standard","meta":{"_monsterinsights_skip_tracking":false,"_monsterinsights_sitenote_active":false,"_monsterinsights_sitenote_note":"","_monsterinsights_sitenote_category":0,"footnotes":""},"categories":["86","95","96","98","196","243","244","245","246","247","248","250","290","295","296","297","298","299","300","301","302","303","304","305","306","307","308","309","310","311","312","313","314","315","316","317","318","319","320","321","322","323","324","325","437","464"],"tags":[],"class_list":{"0":"post-67246","1":"post","2":"type-post","3":"status-publish","4":"format-standard","5":"has-post-thumbnail","6":"hentry","7":"category-lms-fr","8":"category-uncategorized-fr","12":"category-hausnotruf-fr","13":"category-nurse-call-fr","20":"category-evenement-fr","25":"category-uncategorized-en","27":"category-le-saviez-vous","28":"category-produits-et-technologie","29":"category-foires-et-manifestations","30":"category-actualites-autour-de-telealarm","31":"category-nouvelles-du-secteur","32":"category-rapport-dexperiences-et-interviews","52":"category-karriere","53":"category-296","54":"category-98","58":"category-301","59":"category-250","66":"category-295","71":"category-300","73":"category-314","74":"category-319","75":"category-318","76":"category-317","77":"category-316","78":"category-315","98":"category-464","99":"description-off"},"yoast_head":"<!-- This site is optimized with the Yoast SEO plugin v20.2.1 - https:\/\/yoast.com\/wordpress\/plugins\/seo\/ -->\n<title>TeleAlarm au Congr\u00e8s Bundesverband Hausnotruf e.V. 2025 \u00e0 Bamberg \u2013 Unis pour une s\u00e9curit\u00e9 renforc\u00e9e !<\/title>\n<meta name=\"description\" content=\"Une fois de plus, TeleAlarm est fier de participer au Congr\u00e8s Bundesverband Hausnotruf e.V. \u00e0 Bamberg. Aux c\u00f4t\u00e9s des principaux experts du secteur, nous\" \/>\n<meta name=\"robots\" content=\"index, follow, max-snippet:-1, max-image-preview:large, max-video-preview:-1\" \/>\n<link rel=\"canonical\" href=\"https:\/\/www.telealarm.com\/fr\/telealarm-au-congres-bundesverband-hausnotruf-e-v-2025-a-bamberg-unis-pour-une-securite-renforcee\/\" \/>\n<meta property=\"og:locale\" content=\"fr_FR\" \/>\n<meta property=\"og:type\" content=\"article\" \/>\n<meta property=\"og:title\" content=\"TeleAlarm au Congr\u00e8s Bundesverband Hausnotruf e.V. 2025 \u00e0 Bamberg \u2013 Unis pour une s\u00e9curit\u00e9 renforc\u00e9e !\" \/>\n<meta property=\"og:description\" content=\"Une fois de plus, TeleAlarm est fier de participer au Congr\u00e8s Bundesverband Hausnotruf e.V. \u00e0 Bamberg. Aux c\u00f4t\u00e9s des principaux experts du secteur, nous\" \/>\n<meta property=\"og:url\" content=\"https:\/\/www.telealarm.com\/fr\/telealarm-au-congres-bundesverband-hausnotruf-e-v-2025-a-bamberg-unis-pour-une-securite-renforcee\/\" \/>\n<meta property=\"og:site_name\" content=\"TeleAlarm\" \/>\n<meta property=\"article:published_time\" content=\"2025-02-19T08:56:06+00:00\" \/>\n<meta property=\"og:image\" content=\"https:\/\/www.telealarm.com\/wp-content\/uploads\/BV_Hausnotruf_2025.jpg\" \/>\n\t<meta property=\"og:image:width\" content=\"2048\" \/>\n\t<meta property=\"og:image:height\" content=\"1234\" \/>\n\t<meta property=\"og:image:type\" content=\"image\/jpeg\" \/>\n<meta name=\"author\" content=\"TeleAlarm Europe GmbH Thomas Kinnigkeit\" \/>\n<meta name=\"twitter:card\" content=\"summary_large_image\" \/>\n<meta name=\"twitter:label1\" content=\"\u00c9crit par\" \/>\n\t<meta name=\"twitter:data1\" content=\"TeleAlarm Europe GmbH Thomas Kinnigkeit\" \/>\n\t<meta name=\"twitter:label2\" content=\"Dur\u00e9e de lecture estim\u00e9e\" \/>\n\t<meta name=\"twitter:data2\" content=\"1 minute\" \/>\n<script type=\"application\/ld+json\" class=\"yoast-schema-graph\">{\"@context\":\"https:\/\/schema.org\",\"@graph\":[{\"@type\":\"WebPage\",\"@id\":\"https:\/\/www.telealarm.com\/fr\/telealarm-au-congres-bundesverband-hausnotruf-e-v-2025-a-bamberg-unis-pour-une-securite-renforcee\/\",\"url\":\"https:\/\/www.telealarm.com\/fr\/telealarm-au-congres-bundesverband-hausnotruf-e-v-2025-a-bamberg-unis-pour-une-securite-renforcee\/\",\"name\":\"TeleAlarm au Congr\u00e8s Bundesverband Hausnotruf e.V. 2025 \u00e0 Bamberg \u2013 Unis pour une s\u00e9curit\u00e9 renforc\u00e9e !\",\"isPartOf\":{\"@id\":\"https:\/\/www.telealarm.com\/#website\"},\"datePublished\":\"2025-02-19T08:56:06+00:00\",\"dateModified\":\"2025-02-19T08:56:06+00:00\",\"author\":{\"@id\":\"https:\/\/www.telealarm.com\/#\/schema\/person\/6e3c299c8bd84d996569a32701ca2045\"},\"description\":\"Une fois de plus, TeleAlarm est fier de participer au Congr\u00e8s Bundesverband Hausnotruf e.V. \u00e0 Bamberg. Aux c\u00f4t\u00e9s des principaux experts du secteur, nous\",\"breadcrumb\":{\"@id\":\"https:\/\/www.telealarm.com\/fr\/telealarm-au-congres-bundesverband-hausnotruf-e-v-2025-a-bamberg-unis-pour-une-securite-renforcee\/#breadcrumb\"},\"inLanguage\":\"fr-FR\",\"potentialAction\":[{\"@type\":\"ReadAction\",\"target\":[\"https:\/\/www.telealarm.com\/fr\/telealarm-au-congres-bundesverband-hausnotruf-e-v-2025-a-bamberg-unis-pour-une-securite-renforcee\/\"]}]},{\"@type\":\"BreadcrumbList\",\"@id\":\"https:\/\/www.telealarm.com\/fr\/telealarm-au-congres-bundesverband-hausnotruf-e-v-2025-a-bamberg-unis-pour-une-securite-renforcee\/#breadcrumb\",\"itemListElement\":[{\"@type\":\"ListItem\",\"position\":1,\"name\":\"Startseite\",\"item\":\"https:\/\/www.telealarm.com\/fr\/\"},{\"@type\":\"ListItem\",\"position\":2,\"name\":\"TeleAlarm au Congr\u00e8s Bundesverband Hausnotruf e.V. 2025 \u00e0 Bamberg \u2013 Unis pour une s\u00e9curit\u00e9 renforc\u00e9e !\"}]},{\"@type\":\"WebSite\",\"@id\":\"https:\/\/www.telealarm.com\/#website\",\"url\":\"https:\/\/www.telealarm.com\/\",\"name\":\"TeleAlarm\",\"description\":\"Swiss Design\",\"potentialAction\":[{\"@type\":\"SearchAction\",\"target\":{\"@type\":\"EntryPoint\",\"urlTemplate\":\"https:\/\/www.telealarm.com\/?s={search_term_string}\"},\"query-input\":\"required name=search_term_string\"}],\"inLanguage\":\"fr-FR\"},{\"@type\":\"Person\",\"@id\":\"https:\/\/www.telealarm.com\/#\/schema\/person\/6e3c299c8bd84d996569a32701ca2045\",\"name\":\"TeleAlarm Europe GmbH Thomas Kinnigkeit\",\"image\":{\"@type\":\"ImageObject\",\"inLanguage\":\"fr-FR\",\"@id\":\"https:\/\/www.telealarm.com\/#\/schema\/person\/image\/\",\"url\":\"https:\/\/secure.gravatar.com\/avatar\/ef50a4f098284aaaf95f4ffdb910ae8ee6cbcf54018824ed85163398c114e62e?s=96&d=mm&r=g\",\"contentUrl\":\"https:\/\/secure.gravatar.com\/avatar\/ef50a4f098284aaaf95f4ffdb910ae8ee6cbcf54018824ed85163398c114e62e?s=96&d=mm&r=g\",\"caption\":\"TeleAlarm Europe GmbH Thomas Kinnigkeit\"}}]}<\/script>\n<!-- \/ Yoast SEO plugin. -->","yoast_head_json":{"title":"TeleAlarm au Congr\u00e8s Bundesverband Hausnotruf e.V. 2025 \u00e0 Bamberg \u2013 Unis pour une s\u00e9curit\u00e9 renforc\u00e9e !","description":"Une fois de plus, TeleAlarm est fier de participer au Congr\u00e8s Bundesverband Hausnotruf e.V. \u00e0 Bamberg. Aux c\u00f4t\u00e9s des principaux experts du secteur, nous","robots":{"index":"index","follow":"follow","max-snippet":"max-snippet:-1","max-image-preview":"max-image-preview:large","max-video-preview":"max-video-preview:-1"},"canonical":"https:\/\/www.telealarm.com\/fr\/telealarm-au-congres-bundesverband-hausnotruf-e-v-2025-a-bamberg-unis-pour-une-securite-renforcee\/","og_locale":"fr_FR","og_type":"article","og_title":"TeleAlarm au Congr\u00e8s Bundesverband Hausnotruf e.V. 2025 \u00e0 Bamberg \u2013 Unis pour une s\u00e9curit\u00e9 renforc\u00e9e !","og_description":"Une fois de plus, TeleAlarm est fier de participer au Congr\u00e8s Bundesverband Hausnotruf e.V. \u00e0 Bamberg. Aux c\u00f4t\u00e9s des principaux experts du secteur, nous","og_url":"https:\/\/www.telealarm.com\/fr\/telealarm-au-congres-bundesverband-hausnotruf-e-v-2025-a-bamberg-unis-pour-une-securite-renforcee\/","og_site_name":"TeleAlarm","article_published_time":"2025-02-19T08:56:06+00:00","og_image":[{"width":2048,"height":1234,"url":"https:\/\/www.telealarm.com\/wp-content\/uploads\/BV_Hausnotruf_2025.jpg","type":"image\/jpeg"}],"author":"TeleAlarm Europe GmbH Thomas Kinnigkeit","twitter_card":"summary_large_image","twitter_misc":{"\u00c9crit par":"TeleAlarm Europe GmbH Thomas Kinnigkeit","Dur\u00e9e de lecture estim\u00e9e":"1 minute"},"schema":{"@context":"https:\/\/schema.org","@graph":[{"@type":"WebPage","@id":"https:\/\/www.telealarm.com\/fr\/telealarm-au-congres-bundesverband-hausnotruf-e-v-2025-a-bamberg-unis-pour-une-securite-renforcee\/","url":"https:\/\/www.telealarm.com\/fr\/telealarm-au-congres-bundesverband-hausnotruf-e-v-2025-a-bamberg-unis-pour-une-securite-renforcee\/","name":"TeleAlarm au Congr\u00e8s Bundesverband Hausnotruf e.V. 2025 \u00e0 Bamberg \u2013 Unis pour une s\u00e9curit\u00e9 renforc\u00e9e !","isPartOf":{"@id":"https:\/\/www.telealarm.com\/#website"},"datePublished":"2025-02-19T08:56:06+00:00","dateModified":"2025-02-19T08:56:06+00:00","author":{"@id":"https:\/\/www.telealarm.com\/#\/schema\/person\/6e3c299c8bd84d996569a32701ca2045"},"description":"Une fois de plus, TeleAlarm est fier de participer au Congr\u00e8s Bundesverband Hausnotruf e.V. \u00e0 Bamberg. Aux c\u00f4t\u00e9s des principaux experts du secteur, nous","breadcrumb":{"@id":"https:\/\/www.telealarm.com\/fr\/telealarm-au-congres-bundesverband-hausnotruf-e-v-2025-a-bamberg-unis-pour-une-securite-renforcee\/#breadcrumb"},"inLanguage":"fr-FR","potentialAction":[{"@type":"ReadAction","target":["https:\/\/www.telealarm.com\/fr\/telealarm-au-congres-bundesverband-hausnotruf-e-v-2025-a-bamberg-unis-pour-une-securite-renforcee\/"]}]},{"@type":"BreadcrumbList","@id":"https:\/\/www.telealarm.com\/fr\/telealarm-au-congres-bundesverband-hausnotruf-e-v-2025-a-bamberg-unis-pour-une-securite-renforcee\/#breadcrumb","itemListElement":[{"@type":"ListItem","position":1,"name":"Startseite","item":"https:\/\/www.telealarm.com\/fr\/"},{"@type":"ListItem","position":2,"name":"TeleAlarm au Congr\u00e8s Bundesverband Hausnotruf e.V. 2025 \u00e0 Bamberg \u2013 Unis pour une s\u00e9curit\u00e9 renforc\u00e9e !"}]},{"@type":"WebSite","@id":"https:\/\/www.telealarm.com\/#website","url":"https:\/\/www.telealarm.com\/","name":"TeleAlarm","description":"Swiss Design","potentialAction":[{"@type":"SearchAction","target":{"@type":"EntryPoint","urlTemplate":"https:\/\/www.telealarm.com\/?s={search_term_string}"},"query-input":"required name=search_term_string"}],"inLanguage":"fr-FR"},{"@type":"Person","@id":"https:\/\/www.telealarm.com\/#\/schema\/person\/6e3c299c8bd84d996569a32701ca2045","name":"TeleAlarm Europe GmbH Thomas Kinnigkeit","image":{"@type":"ImageObject","inLanguage":"fr-FR","@id":"https:\/\/www.telealarm.com\/#\/schema\/person\/image\/","url":"https:\/\/secure.gravatar.com\/avatar\/ef50a4f098284aaaf95f4ffdb910ae8ee6cbcf54018824ed85163398c114e62e?s=96&d=mm&r=g","contentUrl":"https:\/\/secure.gravatar.com\/avatar\/ef50a4f098284aaaf95f4ffdb910ae8ee6cbcf54018824ed85163398c114e62e?s=96&d=mm&r=g","caption":"TeleAlarm Europe GmbH Thomas Kinnigkeit"}}]}},"_links":{"self":[{"href":"https:\/\/www.telealarm.com\/fr\/wp-json\/wp\/v2\/posts\/67246\/"}],"collection":[{"href":"https:\/\/www.telealarm.com\/fr\/wp-json\/wp\/v2\/posts\/"}],"about":[{"href":"https:\/\/www.telealarm.com\/fr\/wp-json\/wp\/v2\/types\/post\/"}],"author":[{"embeddable":true,"href":"https:\/\/www.telealarm.com\/fr\/wp-json\/wp\/v2\/users\/504\/"}],"replies":[{"embeddable":true,"href":"https:\/\/www.telealarm.com\/fr\/wp-json\/wp\/v2\/comments\/?post=67246"}],"version-history":[{"count":1,"href":"https:\/\/www.telealarm.com\/fr\/wp-json\/wp\/v2\/posts\/67246\/revisions\/"}],"predecessor-version":[{"id":67248,"href":"https:\/\/www.telealarm.com\/fr\/wp-json\/wp\/v2\/posts\/67246\/revisions\/67248\/"}],"wp:featuredmedia":[{"embeddable":true,"href":"https:\/\/www.telealarm.com\/fr\/wp-json\/wp\/v2\/media\/67236\/"}],"wp:attachment":[{"href":"https:\/\/www.telealarm.com\/fr\/wp-json\/wp\/v2\/media\/?parent=67246"}],"wp:term":[{"taxonomy":"category","embeddable":true,"href":"https:\/\/www.telealarm.com\/fr\/wp-json\/wp\/v2\/categories\/?post=67246"},{"taxonomy":"post_tag","embeddable":true,"href":"https:\/\/www.telealarm.com\/fr\/wp-json\/wp\/v2\/tags\/?post=67246"}],"curies":[{"name":"wp","href":"https:\/\/api.w.org\/{rel}","templated":true}]}}