{"id":67157,"date":"2025-02-10T08:27:58","date_gmt":"2025-02-10T07:27:58","guid":{"rendered":"https:\/\/www.telealarm.com\/?p=67157"},"modified":"2025-02-10T08:27:58","modified_gmt":"2025-02-10T07:27:58","slug":"changement-dans-la-direction-des-ventes-allemagne-autriche-a-partir-du-1er-mars-2025","status":"publish","type":"post","link":"https:\/\/www.telealarm.com\/fr\/changement-dans-la-direction-des-ventes-allemagne-autriche-a-partir-du-1er-mars-2025\/","title":{"rendered":"Changement dans la direction des ventes (Allemagne-Autriche) \u2013 \u00c0 partir du 1er mars 2025"},"content":{"rendered":"<p>Apr\u00e8s huit ann\u00e9es de collaboration r\u00e9ussie, Michael Hendricks quittera le groupe TeleAlarm le 28 f\u00e9vrier 2025, \u00e0 sa demande.<\/p>\n<p>Arriv\u00e9 en 2016 comme commercial, il est devenu responsable des ventes pour l&#8217;Allemagne et l&#8217;Autriche en 2018. Gr\u00e2ce \u00e0 son travail, TeleAlarm a fortement grandi dans ces pays et est devenu un acteur majeur des syst\u00e8mes d\u2019appel d\u2019urgence.<\/p>\n<p>Michael a jou\u00e9 un r\u00f4le cl\u00e9 dans l\u2019augmentation des ventes et le d\u00e9veloppement du portefeuille clients. Son engagement et sa vision strat\u00e9gique ont \u00e9t\u00e9 tr\u00e8s appr\u00e9ci\u00e9s. Il a notamment am\u00e9lior\u00e9 le service client et renforc\u00e9 les partenariats, contribuant ainsi au succ\u00e8s de l\u2019entreprise.<\/p>\n<p>Il a choisi de se tourner vers une nouvelle carri\u00e8re dans la communication et les relations publiques. \u00c0 ce sujet, il d\u00e9clare :<br \/>\n<em>&#8220;Je suis fier de ce que nous avons accompli ensemble et enthousiaste \u00e0 l&#8217;id\u00e9e de relever de nouveaux d\u00e9fis.&#8221;<\/em><\/p>\n<p>La direction de TeleAlarm regrette son d\u00e9part mais respecte pleinement sa d\u00e9cision. Nous avons le plaisir d\u2019annoncer que <strong>David W\u00f6rner<\/strong> prendra sa place en tant que responsable des ventes pour l\u2019Allemagne et l\u2019Autriche.<\/p>\n<p>David poss\u00e8de une grande exp\u00e9rience dans le domaine des appels d\u2019urgence et une bonne connaissance du march\u00e9. Son expertise et son r\u00e9seau lui permettront de poursuivre le travail accompli par Michael Hendricks.<\/p>\n<p>Il b\u00e9n\u00e9ficiera du soutien total de l\u2019\u00e9quipe commerciale et de la direction pour assurer la croissance continue de TeleAlarm.<br \/>\n<em>&#8220;Nous sommes ravis d\u2019accueillir David W\u00f6rner dans ce poste cl\u00e9 et convaincus qu\u2019il sera un atout pr\u00e9cieux pour l\u2019entreprise.&#8221;<\/em><br \/>\n\u2014 Dr. Arnd Karden (CEO) et Jurgen van Helvoort (Directeur des ventes).<\/p>\n<p>Toute l\u2019\u00e9quipe de TeleAlarm remercie chaleureusement Michael Hendricks pour son engagement et lui souhaite plein de succ\u00e8s pour l\u2019avenir !<\/p>\n<p><strong>Responsable des ventes Allemagne-Autriche \u2013 \u00c0 partir du 1er mars 2025<\/strong><\/p>\n<p>\ud83d\udcde <strong>David W\u00f6rner<\/strong><br \/>\n\ud83d\udcf1 +49 160 991 707 86<br \/>\n\ud83d\udce7 <a rel=\"noopener\">david.woerner@telealarm.com<\/a><\/p>\n","protected":false},"excerpt":{"rendered":"<p>Apr\u00e8s huit ann\u00e9es de collaboration r\u00e9ussie, Michael Hendricks quittera le groupe TeleAlarm le 28 f\u00e9vrier 2025, \u00e0 sa demande. Arriv\u00e9 en 2016 comme commercial, il est devenu responsable des ventes pour l&#8217;Allemagne et l&#8217;Autriche en 2018. Gr\u00e2ce \u00e0 son travail, TeleAlarm a fortement grandi dans ces pays et est devenu un acteur majeur des syst\u00e8mes&hellip;<\/p>\n","protected":false},"author":504,"featured_media":67146,"comment_status":"closed","ping_status":"closed","sticky":false,"template":"","format":"standard","meta":{"_monsterinsights_skip_tracking":false,"_monsterinsights_sitenote_active":false,"_monsterinsights_sitenote_note":"","_monsterinsights_sitenote_category":0,"footnotes":""},"categories":["86","95","96","98","196","243","244","245","246","247","248","250","290","295","296","297","298","299","300","301","302","303","304","305","306","307","308","309","310","311","312","313","314","315","316","317","318","319","320","321","322","323","324","325","437","464"],"tags":[],"class_list":{"0":"post-67157","1":"post","2":"type-post","3":"status-publish","4":"format-standard","5":"has-post-thumbnail","6":"hentry","7":"category-lms-fr","8":"category-uncategorized-fr","12":"category-hausnotruf-fr","13":"category-nurse-call-fr","20":"category-evenement-fr","25":"category-uncategorized-en","27":"category-le-saviez-vous","28":"category-produits-et-technologie","29":"category-foires-et-manifestations","30":"category-actualites-autour-de-telealarm","31":"category-nouvelles-du-secteur","32":"category-rapport-dexperiences-et-interviews","52":"category-karriere","53":"category-296","54":"category-98","58":"category-301","59":"category-250","66":"category-295","71":"category-300","73":"category-314","74":"category-319","75":"category-318","76":"category-317","77":"category-316","78":"category-315","98":"category-464","99":"description-off"},"yoast_head":"<!-- This site is optimized with the Yoast SEO plugin v20.2.1 - https:\/\/yoast.com\/wordpress\/plugins\/seo\/ -->\n<title>Changement dans la direction des ventes (Allemagne-Autriche) \u2013 \u00c0 partir du 1er mars 2025<\/title>\n<meta name=\"description\" content=\"Apr\u00e8s huit ann\u00e9es de collaboration r\u00e9ussie, Michael Hendricks quittera le groupe TeleAlarm le 28 f\u00e9vrier 2025, \u00e0 sa demande. Arriv\u00e9 en 2016 comme\" \/>\n<meta name=\"robots\" content=\"index, follow, max-snippet:-1, max-image-preview:large, max-video-preview:-1\" \/>\n<link rel=\"canonical\" href=\"https:\/\/www.telealarm.com\/fr\/changement-dans-la-direction-des-ventes-allemagne-autriche-a-partir-du-1er-mars-2025\/\" \/>\n<meta property=\"og:locale\" content=\"fr_FR\" \/>\n<meta property=\"og:type\" content=\"article\" \/>\n<meta property=\"og:title\" content=\"Changement dans la direction des ventes (Allemagne-Autriche) \u2013 \u00c0 partir du 1er mars 2025\" \/>\n<meta property=\"og:description\" content=\"Apr\u00e8s huit ann\u00e9es de collaboration r\u00e9ussie, Michael Hendricks quittera le groupe TeleAlarm le 28 f\u00e9vrier 2025, \u00e0 sa demande. Arriv\u00e9 en 2016 comme\" \/>\n<meta property=\"og:url\" content=\"https:\/\/www.telealarm.com\/fr\/changement-dans-la-direction-des-ventes-allemagne-autriche-a-partir-du-1er-mars-2025\/\" \/>\n<meta property=\"og:site_name\" content=\"TeleAlarm\" \/>\n<meta property=\"article:published_time\" content=\"2025-02-10T07:27:58+00:00\" \/>\n<meta property=\"og:image\" content=\"https:\/\/www.telealarm.com\/wp-content\/uploads\/dea53bca-7438-c96d-ab0e-6aa3bf7aa0a7.jpg\" \/>\n\t<meta property=\"og:image:width\" content=\"2048\" \/>\n\t<meta property=\"og:image:height\" content=\"1536\" \/>\n\t<meta property=\"og:image:type\" content=\"image\/jpeg\" \/>\n<meta name=\"author\" content=\"TeleAlarm Europe GmbH Thomas Kinnigkeit\" \/>\n<meta name=\"twitter:card\" content=\"summary_large_image\" \/>\n<meta name=\"twitter:label1\" content=\"\u00c9crit par\" \/>\n\t<meta name=\"twitter:data1\" content=\"TeleAlarm Europe GmbH Thomas Kinnigkeit\" \/>\n\t<meta name=\"twitter:label2\" content=\"Dur\u00e9e de lecture estim\u00e9e\" \/>\n\t<meta name=\"twitter:data2\" content=\"2 minutes\" \/>\n<script type=\"application\/ld+json\" class=\"yoast-schema-graph\">{\"@context\":\"https:\/\/schema.org\",\"@graph\":[{\"@type\":\"WebPage\",\"@id\":\"https:\/\/www.telealarm.com\/fr\/changement-dans-la-direction-des-ventes-allemagne-autriche-a-partir-du-1er-mars-2025\/\",\"url\":\"https:\/\/www.telealarm.com\/fr\/changement-dans-la-direction-des-ventes-allemagne-autriche-a-partir-du-1er-mars-2025\/\",\"name\":\"Changement dans la direction des ventes (Allemagne-Autriche) \u2013 \u00c0 partir du 1er mars 2025\",\"isPartOf\":{\"@id\":\"https:\/\/www.telealarm.com\/#website\"},\"datePublished\":\"2025-02-10T07:27:58+00:00\",\"dateModified\":\"2025-02-10T07:27:58+00:00\",\"author\":{\"@id\":\"https:\/\/www.telealarm.com\/#\/schema\/person\/6e3c299c8bd84d996569a32701ca2045\"},\"description\":\"Apr\u00e8s huit ann\u00e9es de collaboration r\u00e9ussie, Michael Hendricks quittera le groupe TeleAlarm le 28 f\u00e9vrier 2025, \u00e0 sa demande. Arriv\u00e9 en 2016 comme\",\"breadcrumb\":{\"@id\":\"https:\/\/www.telealarm.com\/fr\/changement-dans-la-direction-des-ventes-allemagne-autriche-a-partir-du-1er-mars-2025\/#breadcrumb\"},\"inLanguage\":\"fr-FR\",\"potentialAction\":[{\"@type\":\"ReadAction\",\"target\":[\"https:\/\/www.telealarm.com\/fr\/changement-dans-la-direction-des-ventes-allemagne-autriche-a-partir-du-1er-mars-2025\/\"]}]},{\"@type\":\"BreadcrumbList\",\"@id\":\"https:\/\/www.telealarm.com\/fr\/changement-dans-la-direction-des-ventes-allemagne-autriche-a-partir-du-1er-mars-2025\/#breadcrumb\",\"itemListElement\":[{\"@type\":\"ListItem\",\"position\":1,\"name\":\"Startseite\",\"item\":\"https:\/\/www.telealarm.com\/fr\/\"},{\"@type\":\"ListItem\",\"position\":2,\"name\":\"Changement dans la direction des ventes (Allemagne-Autriche) \u2013 \u00c0 partir du 1er mars 2025\"}]},{\"@type\":\"WebSite\",\"@id\":\"https:\/\/www.telealarm.com\/#website\",\"url\":\"https:\/\/www.telealarm.com\/\",\"name\":\"TeleAlarm\",\"description\":\"Swiss Design\",\"potentialAction\":[{\"@type\":\"SearchAction\",\"target\":{\"@type\":\"EntryPoint\",\"urlTemplate\":\"https:\/\/www.telealarm.com\/?s={search_term_string}\"},\"query-input\":\"required name=search_term_string\"}],\"inLanguage\":\"fr-FR\"},{\"@type\":\"Person\",\"@id\":\"https:\/\/www.telealarm.com\/#\/schema\/person\/6e3c299c8bd84d996569a32701ca2045\",\"name\":\"TeleAlarm Europe GmbH Thomas Kinnigkeit\",\"image\":{\"@type\":\"ImageObject\",\"inLanguage\":\"fr-FR\",\"@id\":\"https:\/\/www.telealarm.com\/#\/schema\/person\/image\/\",\"url\":\"https:\/\/secure.gravatar.com\/avatar\/ef50a4f098284aaaf95f4ffdb910ae8ee6cbcf54018824ed85163398c114e62e?s=96&d=mm&r=g\",\"contentUrl\":\"https:\/\/secure.gravatar.com\/avatar\/ef50a4f098284aaaf95f4ffdb910ae8ee6cbcf54018824ed85163398c114e62e?s=96&d=mm&r=g\",\"caption\":\"TeleAlarm Europe GmbH Thomas Kinnigkeit\"}}]}<\/script>\n<!-- \/ Yoast SEO plugin. -->","yoast_head_json":{"title":"Changement dans la direction des ventes (Allemagne-Autriche) \u2013 \u00c0 partir du 1er mars 2025","description":"Apr\u00e8s huit ann\u00e9es de collaboration r\u00e9ussie, Michael Hendricks quittera le groupe TeleAlarm le 28 f\u00e9vrier 2025, \u00e0 sa demande. Arriv\u00e9 en 2016 comme","robots":{"index":"index","follow":"follow","max-snippet":"max-snippet:-1","max-image-preview":"max-image-preview:large","max-video-preview":"max-video-preview:-1"},"canonical":"https:\/\/www.telealarm.com\/fr\/changement-dans-la-direction-des-ventes-allemagne-autriche-a-partir-du-1er-mars-2025\/","og_locale":"fr_FR","og_type":"article","og_title":"Changement dans la direction des ventes (Allemagne-Autriche) \u2013 \u00c0 partir du 1er mars 2025","og_description":"Apr\u00e8s huit ann\u00e9es de collaboration r\u00e9ussie, Michael Hendricks quittera le groupe TeleAlarm le 28 f\u00e9vrier 2025, \u00e0 sa demande. Arriv\u00e9 en 2016 comme","og_url":"https:\/\/www.telealarm.com\/fr\/changement-dans-la-direction-des-ventes-allemagne-autriche-a-partir-du-1er-mars-2025\/","og_site_name":"TeleAlarm","article_published_time":"2025-02-10T07:27:58+00:00","og_image":[{"width":2048,"height":1536,"url":"https:\/\/www.telealarm.com\/wp-content\/uploads\/dea53bca-7438-c96d-ab0e-6aa3bf7aa0a7.jpg","type":"image\/jpeg"}],"author":"TeleAlarm Europe GmbH Thomas Kinnigkeit","twitter_card":"summary_large_image","twitter_misc":{"\u00c9crit par":"TeleAlarm Europe GmbH Thomas Kinnigkeit","Dur\u00e9e de lecture estim\u00e9e":"2 minutes"},"schema":{"@context":"https:\/\/schema.org","@graph":[{"@type":"WebPage","@id":"https:\/\/www.telealarm.com\/fr\/changement-dans-la-direction-des-ventes-allemagne-autriche-a-partir-du-1er-mars-2025\/","url":"https:\/\/www.telealarm.com\/fr\/changement-dans-la-direction-des-ventes-allemagne-autriche-a-partir-du-1er-mars-2025\/","name":"Changement dans la direction des ventes (Allemagne-Autriche) \u2013 \u00c0 partir du 1er mars 2025","isPartOf":{"@id":"https:\/\/www.telealarm.com\/#website"},"datePublished":"2025-02-10T07:27:58+00:00","dateModified":"2025-02-10T07:27:58+00:00","author":{"@id":"https:\/\/www.telealarm.com\/#\/schema\/person\/6e3c299c8bd84d996569a32701ca2045"},"description":"Apr\u00e8s huit ann\u00e9es de collaboration r\u00e9ussie, Michael Hendricks quittera le groupe TeleAlarm le 28 f\u00e9vrier 2025, \u00e0 sa demande. Arriv\u00e9 en 2016 comme","breadcrumb":{"@id":"https:\/\/www.telealarm.com\/fr\/changement-dans-la-direction-des-ventes-allemagne-autriche-a-partir-du-1er-mars-2025\/#breadcrumb"},"inLanguage":"fr-FR","potentialAction":[{"@type":"ReadAction","target":["https:\/\/www.telealarm.com\/fr\/changement-dans-la-direction-des-ventes-allemagne-autriche-a-partir-du-1er-mars-2025\/"]}]},{"@type":"BreadcrumbList","@id":"https:\/\/www.telealarm.com\/fr\/changement-dans-la-direction-des-ventes-allemagne-autriche-a-partir-du-1er-mars-2025\/#breadcrumb","itemListElement":[{"@type":"ListItem","position":1,"name":"Startseite","item":"https:\/\/www.telealarm.com\/fr\/"},{"@type":"ListItem","position":2,"name":"Changement dans la direction des ventes (Allemagne-Autriche) \u2013 \u00c0 partir du 1er mars 2025"}]},{"@type":"WebSite","@id":"https:\/\/www.telealarm.com\/#website","url":"https:\/\/www.telealarm.com\/","name":"TeleAlarm","description":"Swiss Design","potentialAction":[{"@type":"SearchAction","target":{"@type":"EntryPoint","urlTemplate":"https:\/\/www.telealarm.com\/?s={search_term_string}"},"query-input":"required name=search_term_string"}],"inLanguage":"fr-FR"},{"@type":"Person","@id":"https:\/\/www.telealarm.com\/#\/schema\/person\/6e3c299c8bd84d996569a32701ca2045","name":"TeleAlarm Europe GmbH Thomas Kinnigkeit","image":{"@type":"ImageObject","inLanguage":"fr-FR","@id":"https:\/\/www.telealarm.com\/#\/schema\/person\/image\/","url":"https:\/\/secure.gravatar.com\/avatar\/ef50a4f098284aaaf95f4ffdb910ae8ee6cbcf54018824ed85163398c114e62e?s=96&d=mm&r=g","contentUrl":"https:\/\/secure.gravatar.com\/avatar\/ef50a4f098284aaaf95f4ffdb910ae8ee6cbcf54018824ed85163398c114e62e?s=96&d=mm&r=g","caption":"TeleAlarm Europe GmbH Thomas Kinnigkeit"}}]}},"_links":{"self":[{"href":"https:\/\/www.telealarm.com\/fr\/wp-json\/wp\/v2\/posts\/67157\/"}],"collection":[{"href":"https:\/\/www.telealarm.com\/fr\/wp-json\/wp\/v2\/posts\/"}],"about":[{"href":"https:\/\/www.telealarm.com\/fr\/wp-json\/wp\/v2\/types\/post\/"}],"author":[{"embeddable":true,"href":"https:\/\/www.telealarm.com\/fr\/wp-json\/wp\/v2\/users\/504\/"}],"replies":[{"embeddable":true,"href":"https:\/\/www.telealarm.com\/fr\/wp-json\/wp\/v2\/comments\/?post=67157"}],"version-history":[{"count":1,"href":"https:\/\/www.telealarm.com\/fr\/wp-json\/wp\/v2\/posts\/67157\/revisions\/"}],"predecessor-version":[{"id":67159,"href":"https:\/\/www.telealarm.com\/fr\/wp-json\/wp\/v2\/posts\/67157\/revisions\/67159\/"}],"wp:featuredmedia":[{"embeddable":true,"href":"https:\/\/www.telealarm.com\/fr\/wp-json\/wp\/v2\/media\/67146\/"}],"wp:attachment":[{"href":"https:\/\/www.telealarm.com\/fr\/wp-json\/wp\/v2\/media\/?parent=67157"}],"wp:term":[{"taxonomy":"category","embeddable":true,"href":"https:\/\/www.telealarm.com\/fr\/wp-json\/wp\/v2\/categories\/?post=67157"},{"taxonomy":"post_tag","embeddable":true,"href":"https:\/\/www.telealarm.com\/fr\/wp-json\/wp\/v2\/tags\/?post=67157"}],"curies":[{"name":"wp","href":"https:\/\/api.w.org\/{rel}","templated":true}]}}