{"id":66614,"date":"2024-12-04T12:12:04","date_gmt":"2024-12-04T11:12:04","guid":{"rendered":"https:\/\/www.telealarm.com\/?p=66614"},"modified":"2024-12-04T12:12:04","modified_gmt":"2024-12-04T11:12:04","slug":"message-de-noel-du-comite-de-direction-de-telealarm","status":"publish","type":"post","link":"https:\/\/www.telealarm.com\/fr\/message-de-noel-du-comite-de-direction-de-telealarm\/","title":{"rendered":"Message de No\u00ebl du Comit\u00e9 de Direction de TeleAlarm"},"content":{"rendered":"<p>\u00c0 l&#8217;approche des festivit\u00e9s de fin d&#8217;ann\u00e9e, le Comit\u00e9 de Direction de TeleAlarm a le plaisir de partager avec tous nos pr\u00e9cieux clients, partenaires et amis un message sp\u00e9cial de No\u00ebl. Ce message sinc\u00e8re revient sur les temps forts de 2024 et jette un regard plein d&#8217;espoir et d&#8217;ambition sur 2025.<\/p>\n<p>Dans cette lettre, nous tenons \u00e0 exprimer notre reconnaissance pour la confiance et la collaboration que vous nous avez accord\u00e9es, des \u00e9l\u00e9ments cl\u00e9s dans les r\u00e9ussites que nous avons pu accomplir ensemble cette ann\u00e9e. De l&#8217;innovation \u00e0 la consolidation de notre partenariat, 2024 a \u00e9t\u00e9 une ann\u00e9e de progr\u00e8s et de nouvelles initiatives.<\/p>\n<p>En nous tournant vers 2025, nous sommes impatients de poursuivre cette aventure \u00e0 vos c\u00f4t\u00e9s, en nous consacrant \u00e0 offrir encore plus de valeur, \u00e0 perfectionner nos services et \u00e0 capitaliser sur les solides bases que nous avons \u00e9tablies.<\/p>\n<p>Nous vous invitons \u00e0 lire la lettre compl\u00e8te ci-dessous, dans laquelle le Comit\u00e9 de Direction vous adresse ses v\u0153ux les plus chaleureux et partage ses perspectives pour l&#8217;ann\u00e9e \u00e0 venir.<\/p>\n<p><strong>Joyeuses f\u00eates et une ann\u00e9e nouvelle pleine de succ\u00e8s !<\/strong><br \/>\nL\u2019\u00e9quipe de TeleAlarm<\/p>\n<p>&nbsp;<\/p>\n<p><img loading=\"lazy\" decoding=\"async\" class=\"alignnone size-full wp-image-66598\" src=\"https:\/\/www.telealarm.com\/wp-content\/uploads\/Bilan-2024_FR.jpg\" alt=\"\" width=\"1448\" height=\"2048\" \/><\/p>\n","protected":false},"excerpt":{"rendered":"<p>\u00c0 l&#8217;approche des festivit\u00e9s de fin d&#8217;ann\u00e9e, le Comit\u00e9 de Direction de TeleAlarm a le plaisir de partager avec tous nos pr\u00e9cieux clients, partenaires et amis un message sp\u00e9cial de No\u00ebl. Ce message sinc\u00e8re revient sur les temps forts de 2024 et jette un regard plein d&#8217;espoir et d&#8217;ambition sur 2025. Dans cette lettre, nous&hellip;<\/p>\n","protected":false},"author":504,"featured_media":63255,"comment_status":"closed","ping_status":"closed","sticky":false,"template":"","format":"standard","meta":{"_monsterinsights_skip_tracking":false,"_monsterinsights_sitenote_active":false,"_monsterinsights_sitenote_note":"","_monsterinsights_sitenote_category":0,"footnotes":""},"categories":["86","95","96","98","196","243","244","245","246","247","248","250","290","295","296","297","298","299","300","301","302","303","304","305","306","307","308","309","310","311","312","313","314","315","316","317","318","319","320","321","322","323","324","325","437","464"],"tags":[],"class_list":{"0":"post-66614","1":"post","2":"type-post","3":"status-publish","4":"format-standard","5":"has-post-thumbnail","6":"hentry","7":"category-lms-fr","8":"category-uncategorized-fr","12":"category-hausnotruf-fr","13":"category-nurse-call-fr","20":"category-evenement-fr","25":"category-uncategorized-en","27":"category-le-saviez-vous","28":"category-produits-et-technologie","29":"category-foires-et-manifestations","30":"category-actualites-autour-de-telealarm","31":"category-nouvelles-du-secteur","32":"category-rapport-dexperiences-et-interviews","52":"category-karriere","53":"category-296","54":"category-98","58":"category-301","59":"category-250","66":"category-295","71":"category-300","73":"category-314","74":"category-319","75":"category-318","76":"category-317","77":"category-316","78":"category-315","98":"category-464","99":"description-off"},"yoast_head":"<!-- This site is optimized with the Yoast SEO plugin v20.2.1 - https:\/\/yoast.com\/wordpress\/plugins\/seo\/ -->\n<title>Message de No\u00ebl du Comit\u00e9 de Direction de TeleAlarm<\/title>\n<meta name=\"description\" content=\"\u00c0 l&#039;approche des festivit\u00e9s de fin d&#039;ann\u00e9e, le Comit\u00e9 de Direction de TeleAlarm a le plaisir de partager avec tous nos pr\u00e9cieux clients, partenaires et\" \/>\n<meta name=\"robots\" content=\"index, follow, max-snippet:-1, max-image-preview:large, max-video-preview:-1\" \/>\n<link rel=\"canonical\" href=\"https:\/\/www.telealarm.com\/fr\/message-de-noel-du-comite-de-direction-de-telealarm\/\" \/>\n<meta property=\"og:locale\" content=\"fr_FR\" \/>\n<meta property=\"og:type\" content=\"article\" \/>\n<meta property=\"og:title\" content=\"Message de No\u00ebl du Comit\u00e9 de Direction de TeleAlarm\" \/>\n<meta property=\"og:description\" content=\"\u00c0 l&#039;approche des festivit\u00e9s de fin d&#039;ann\u00e9e, le Comit\u00e9 de Direction de TeleAlarm a le plaisir de partager avec tous nos pr\u00e9cieux clients, partenaires et\" \/>\n<meta property=\"og:url\" content=\"https:\/\/www.telealarm.com\/fr\/message-de-noel-du-comite-de-direction-de-telealarm\/\" \/>\n<meta property=\"og:site_name\" content=\"TeleAlarm\" \/>\n<meta property=\"article:published_time\" content=\"2024-12-04T11:12:04+00:00\" \/>\n<meta property=\"og:image\" content=\"https:\/\/www.telealarm.com\/wp-content\/uploads\/AdobeStock_73380621.jpeg\" \/>\n\t<meta property=\"og:image:width\" content=\"2048\" \/>\n\t<meta property=\"og:image:height\" content=\"1366\" \/>\n\t<meta property=\"og:image:type\" content=\"image\/jpeg\" \/>\n<meta name=\"author\" content=\"TeleAlarm Europe GmbH Thomas Kinnigkeit\" \/>\n<meta name=\"twitter:card\" content=\"summary_large_image\" \/>\n<meta name=\"twitter:label1\" content=\"\u00c9crit par\" \/>\n\t<meta name=\"twitter:data1\" content=\"TeleAlarm Europe GmbH Thomas Kinnigkeit\" \/>\n\t<meta name=\"twitter:label2\" content=\"Dur\u00e9e de lecture estim\u00e9e\" \/>\n\t<meta name=\"twitter:data2\" content=\"1 minute\" \/>\n<script type=\"application\/ld+json\" class=\"yoast-schema-graph\">{\"@context\":\"https:\/\/schema.org\",\"@graph\":[{\"@type\":\"WebPage\",\"@id\":\"https:\/\/www.telealarm.com\/fr\/message-de-noel-du-comite-de-direction-de-telealarm\/\",\"url\":\"https:\/\/www.telealarm.com\/fr\/message-de-noel-du-comite-de-direction-de-telealarm\/\",\"name\":\"Message de No\u00ebl du Comit\u00e9 de Direction de TeleAlarm\",\"isPartOf\":{\"@id\":\"https:\/\/www.telealarm.com\/#website\"},\"datePublished\":\"2024-12-04T11:12:04+00:00\",\"dateModified\":\"2024-12-04T11:12:04+00:00\",\"author\":{\"@id\":\"https:\/\/www.telealarm.com\/#\/schema\/person\/6e3c299c8bd84d996569a32701ca2045\"},\"description\":\"\u00c0 l'approche des festivit\u00e9s de fin d'ann\u00e9e, le Comit\u00e9 de Direction de TeleAlarm a le plaisir de partager avec tous nos pr\u00e9cieux clients, partenaires et\",\"breadcrumb\":{\"@id\":\"https:\/\/www.telealarm.com\/fr\/message-de-noel-du-comite-de-direction-de-telealarm\/#breadcrumb\"},\"inLanguage\":\"fr-FR\",\"potentialAction\":[{\"@type\":\"ReadAction\",\"target\":[\"https:\/\/www.telealarm.com\/fr\/message-de-noel-du-comite-de-direction-de-telealarm\/\"]}]},{\"@type\":\"BreadcrumbList\",\"@id\":\"https:\/\/www.telealarm.com\/fr\/message-de-noel-du-comite-de-direction-de-telealarm\/#breadcrumb\",\"itemListElement\":[{\"@type\":\"ListItem\",\"position\":1,\"name\":\"Startseite\",\"item\":\"https:\/\/www.telealarm.com\/fr\/\"},{\"@type\":\"ListItem\",\"position\":2,\"name\":\"Message de No\u00ebl du Comit\u00e9 de Direction de TeleAlarm\"}]},{\"@type\":\"WebSite\",\"@id\":\"https:\/\/www.telealarm.com\/#website\",\"url\":\"https:\/\/www.telealarm.com\/\",\"name\":\"TeleAlarm\",\"description\":\"Swiss Design\",\"potentialAction\":[{\"@type\":\"SearchAction\",\"target\":{\"@type\":\"EntryPoint\",\"urlTemplate\":\"https:\/\/www.telealarm.com\/?s={search_term_string}\"},\"query-input\":\"required name=search_term_string\"}],\"inLanguage\":\"fr-FR\"},{\"@type\":\"Person\",\"@id\":\"https:\/\/www.telealarm.com\/#\/schema\/person\/6e3c299c8bd84d996569a32701ca2045\",\"name\":\"TeleAlarm Europe GmbH Thomas Kinnigkeit\",\"image\":{\"@type\":\"ImageObject\",\"inLanguage\":\"fr-FR\",\"@id\":\"https:\/\/www.telealarm.com\/#\/schema\/person\/image\/\",\"url\":\"https:\/\/secure.gravatar.com\/avatar\/ef50a4f098284aaaf95f4ffdb910ae8ee6cbcf54018824ed85163398c114e62e?s=96&d=mm&r=g\",\"contentUrl\":\"https:\/\/secure.gravatar.com\/avatar\/ef50a4f098284aaaf95f4ffdb910ae8ee6cbcf54018824ed85163398c114e62e?s=96&d=mm&r=g\",\"caption\":\"TeleAlarm Europe GmbH Thomas Kinnigkeit\"}}]}<\/script>\n<!-- \/ Yoast SEO plugin. -->","yoast_head_json":{"title":"Message de No\u00ebl du Comit\u00e9 de Direction de TeleAlarm","description":"\u00c0 l'approche des festivit\u00e9s de fin d'ann\u00e9e, le Comit\u00e9 de Direction de TeleAlarm a le plaisir de partager avec tous nos pr\u00e9cieux clients, partenaires et","robots":{"index":"index","follow":"follow","max-snippet":"max-snippet:-1","max-image-preview":"max-image-preview:large","max-video-preview":"max-video-preview:-1"},"canonical":"https:\/\/www.telealarm.com\/fr\/message-de-noel-du-comite-de-direction-de-telealarm\/","og_locale":"fr_FR","og_type":"article","og_title":"Message de No\u00ebl du Comit\u00e9 de Direction de TeleAlarm","og_description":"\u00c0 l'approche des festivit\u00e9s de fin d'ann\u00e9e, le Comit\u00e9 de Direction de TeleAlarm a le plaisir de partager avec tous nos pr\u00e9cieux clients, partenaires et","og_url":"https:\/\/www.telealarm.com\/fr\/message-de-noel-du-comite-de-direction-de-telealarm\/","og_site_name":"TeleAlarm","article_published_time":"2024-12-04T11:12:04+00:00","og_image":[{"width":2048,"height":1366,"url":"https:\/\/www.telealarm.com\/wp-content\/uploads\/AdobeStock_73380621.jpeg","type":"image\/jpeg"}],"author":"TeleAlarm Europe GmbH Thomas Kinnigkeit","twitter_card":"summary_large_image","twitter_misc":{"\u00c9crit par":"TeleAlarm Europe GmbH Thomas Kinnigkeit","Dur\u00e9e de lecture estim\u00e9e":"1 minute"},"schema":{"@context":"https:\/\/schema.org","@graph":[{"@type":"WebPage","@id":"https:\/\/www.telealarm.com\/fr\/message-de-noel-du-comite-de-direction-de-telealarm\/","url":"https:\/\/www.telealarm.com\/fr\/message-de-noel-du-comite-de-direction-de-telealarm\/","name":"Message de No\u00ebl du Comit\u00e9 de Direction de TeleAlarm","isPartOf":{"@id":"https:\/\/www.telealarm.com\/#website"},"datePublished":"2024-12-04T11:12:04+00:00","dateModified":"2024-12-04T11:12:04+00:00","author":{"@id":"https:\/\/www.telealarm.com\/#\/schema\/person\/6e3c299c8bd84d996569a32701ca2045"},"description":"\u00c0 l'approche des festivit\u00e9s de fin d'ann\u00e9e, le Comit\u00e9 de Direction de TeleAlarm a le plaisir de partager avec tous nos pr\u00e9cieux clients, partenaires et","breadcrumb":{"@id":"https:\/\/www.telealarm.com\/fr\/message-de-noel-du-comite-de-direction-de-telealarm\/#breadcrumb"},"inLanguage":"fr-FR","potentialAction":[{"@type":"ReadAction","target":["https:\/\/www.telealarm.com\/fr\/message-de-noel-du-comite-de-direction-de-telealarm\/"]}]},{"@type":"BreadcrumbList","@id":"https:\/\/www.telealarm.com\/fr\/message-de-noel-du-comite-de-direction-de-telealarm\/#breadcrumb","itemListElement":[{"@type":"ListItem","position":1,"name":"Startseite","item":"https:\/\/www.telealarm.com\/fr\/"},{"@type":"ListItem","position":2,"name":"Message de No\u00ebl du Comit\u00e9 de Direction de TeleAlarm"}]},{"@type":"WebSite","@id":"https:\/\/www.telealarm.com\/#website","url":"https:\/\/www.telealarm.com\/","name":"TeleAlarm","description":"Swiss Design","potentialAction":[{"@type":"SearchAction","target":{"@type":"EntryPoint","urlTemplate":"https:\/\/www.telealarm.com\/?s={search_term_string}"},"query-input":"required name=search_term_string"}],"inLanguage":"fr-FR"},{"@type":"Person","@id":"https:\/\/www.telealarm.com\/#\/schema\/person\/6e3c299c8bd84d996569a32701ca2045","name":"TeleAlarm Europe GmbH Thomas Kinnigkeit","image":{"@type":"ImageObject","inLanguage":"fr-FR","@id":"https:\/\/www.telealarm.com\/#\/schema\/person\/image\/","url":"https:\/\/secure.gravatar.com\/avatar\/ef50a4f098284aaaf95f4ffdb910ae8ee6cbcf54018824ed85163398c114e62e?s=96&d=mm&r=g","contentUrl":"https:\/\/secure.gravatar.com\/avatar\/ef50a4f098284aaaf95f4ffdb910ae8ee6cbcf54018824ed85163398c114e62e?s=96&d=mm&r=g","caption":"TeleAlarm Europe GmbH Thomas Kinnigkeit"}}]}},"_links":{"self":[{"href":"https:\/\/www.telealarm.com\/fr\/wp-json\/wp\/v2\/posts\/66614\/"}],"collection":[{"href":"https:\/\/www.telealarm.com\/fr\/wp-json\/wp\/v2\/posts\/"}],"about":[{"href":"https:\/\/www.telealarm.com\/fr\/wp-json\/wp\/v2\/types\/post\/"}],"author":[{"embeddable":true,"href":"https:\/\/www.telealarm.com\/fr\/wp-json\/wp\/v2\/users\/504\/"}],"replies":[{"embeddable":true,"href":"https:\/\/www.telealarm.com\/fr\/wp-json\/wp\/v2\/comments\/?post=66614"}],"version-history":[{"count":1,"href":"https:\/\/www.telealarm.com\/fr\/wp-json\/wp\/v2\/posts\/66614\/revisions\/"}],"predecessor-version":[{"id":66616,"href":"https:\/\/www.telealarm.com\/fr\/wp-json\/wp\/v2\/posts\/66614\/revisions\/66616\/"}],"wp:featuredmedia":[{"embeddable":true,"href":"https:\/\/www.telealarm.com\/fr\/wp-json\/wp\/v2\/media\/63255\/"}],"wp:attachment":[{"href":"https:\/\/www.telealarm.com\/fr\/wp-json\/wp\/v2\/media\/?parent=66614"}],"wp:term":[{"taxonomy":"category","embeddable":true,"href":"https:\/\/www.telealarm.com\/fr\/wp-json\/wp\/v2\/categories\/?post=66614"},{"taxonomy":"post_tag","embeddable":true,"href":"https:\/\/www.telealarm.com\/fr\/wp-json\/wp\/v2\/tags\/?post=66614"}],"curies":[{"name":"wp","href":"https:\/\/api.w.org\/{rel}","templated":true}]}}