{"id":66069,"date":"2024-11-13T14:32:54","date_gmt":"2024-11-13T13:32:54","guid":{"rendered":"https:\/\/www.telealarm.com\/?p=66069"},"modified":"2024-11-13T14:34:47","modified_gmt":"2024-11-13T13:34:47","slug":"telealarm-au-silver-economy-expo-2024-faconner-lavenir-des-soins-aux-seniors-avec-des-solutions-innovantes","status":"publish","type":"post","link":"https:\/\/www.telealarm.com\/fr\/telealarm-au-silver-economy-expo-2024-faconner-lavenir-des-soins-aux-seniors-avec-des-solutions-innovantes\/","title":{"rendered":"TeleAlarm au Silver Economy Expo 2024 : Fa\u00e7onner l\u2019Avenir des Soins aux Seniors avec des Solutions Innovantes"},"content":{"rendered":"<p>TeleAlarm est ravi de participer au Silver Economy Expo de cette ann\u00e9e \u00e0 Paris, les 23 et 24 novembre 2024. Cet \u00e9v\u00e9nement majeur, d\u00e9di\u00e9 aux besoins croissants d&#8217;une population vieillissante, r\u00e9unit les acteurs de l&#8217;innovation en mati\u00e8re de services et technologies orient\u00e9s vers les seniors. En tant qu\u2019acteur cl\u00e9 de la Silver Economy, nous sommes impatients de pr\u00e9senter nos derni\u00e8res solutions, con\u00e7ues pour renforcer l\u2019ind\u00e9pendance, la s\u00e9curit\u00e9 et la qualit\u00e9 de vie des personnes \u00e2g\u00e9es.<\/p>\n<p>TeleAlarm sera repr\u00e9sent\u00e9 par notre \u00e9quipe commerciale franco-suisse, compos\u00e9e de Rodrigo Silva (Directeur France), Ivo Graca (Directeur Export), ainsi que Yannick Duplain et Roger Samba de notre \u00e9quipe en France. Ensemble, ils partageront notre expertise en technologies de soin et exploreront de nouvelles opportunit\u00e9s d&#8217;innovation et de collaboration dans le secteur de la Silver Economy.<\/p>\n<p>Pourquoi la Silver Economy est-elle Importante ?<br \/>\nAvec le vieillissement rapide de la population en France, la demande pour des services sp\u00e9cialis\u00e9s destin\u00e9s aux seniors ne cesse d\u2019augmenter. D\u2019ici 2030, pr\u00e8s d\u2019un tiers de la population fran\u00e7aise aura plus de 65 ans, entra\u00eenant de nouveaux besoins et opportunit\u00e9s dans des domaines tels que la sant\u00e9, le logement, les loisirs et les transports. Cette g\u00e9n\u00e9ration, souvent appel\u00e9e les \u201cbaby-boomers aux cheveux argent\u00e9s\u201d, place la barre tr\u00e8s haut en mati\u00e8re de confort, d&#8217;ind\u00e9pendance et de qualit\u00e9 de vie, influen\u00e7ant ainsi un secteur \u00e9conomique en pleine croissance.<\/p>\n<p>Le Silver Economy Expo est un \u00e9v\u00e9nement 100% B2B o\u00f9 leaders d&#8217;opinion et entrepreneurs se retrouvent pour imaginer et cr\u00e9er des solutions pour un avenir plus sain, s\u00fbr et connect\u00e9 pour les seniors. Cette ann\u00e9e, TeleAlarm pr\u00e9sente plusieurs innovations cl\u00e9s r\u00e9pondant aux besoins critiques des personnes \u00e2g\u00e9es d\u2019aujourd\u2019hui :<\/p>\n<p>Syst\u00e8mes de Surveillance en Cloud \u2013 Notre plateforme de nouvelle g\u00e9n\u00e9ration permet une gestion s\u00e9curis\u00e9e et efficace des interventions d\u2019urgence, int\u00e9grant divers dispositifs pour offrir une tranquillit\u00e9 d&#8217;esprit aux utilisateurs et \u00e0 leurs proches.<\/p>\n<p>Syst\u00e8mes de T\u00e9l\u00e9alarme (Carephone) \u2013 Con\u00e7us pour \u00eatre faciles \u00e0 utiliser et fiables, nos produits Carephone permettent aux seniors de pr\u00e9server leur ind\u00e9pendance avec un acc\u00e8s instantan\u00e9 \u00e0 l\u2019assistance. Cet outil est essentiel \u00e0 notre engagement de fournir des solutions fiables aux utilisateurs priv\u00e9s comme aux \u00e9tablissements de soins.<\/p>\n<p>Syst\u00e8mes d\u2019Appel Infirmier (NurseCall) \u2013 Indispensables pour une communication rapide et s\u00e9curis\u00e9e en milieu m\u00e9dical, nos syst\u00e8mes NurseCall renforcent la s\u00e9curit\u00e9 des patients et facilitent les r\u00e9ponses rapides dans les h\u00f4pitaux et centres de soins pour personnes \u00e2g\u00e9es.<\/p>\n<p>Rejoignez-nous pour Fa\u00e7onner l\u2019Avenir des Soins aux Seniors<br \/>\nPionnier en mati\u00e8re de technologie de soin pour les seniors, TeleAlarm se r\u00e9jouit de pouvoir \u00e9changer avec d\u2019autres acteurs et partenaires de la Silver Economy lors de cet \u00e9v\u00e9nement. Ensemble, nous visons \u00e0 am\u00e9liorer la qualit\u00e9 de vie des seniors \u00e0 travers des solutions innovantes qui r\u00e9pondent aux exigences de cette population vieillissante. Nous sommes d\u00e9termin\u00e9s \u00e0 fa\u00e7onner un avenir o\u00f9 les personnes \u00e2g\u00e9es vivront confortablement, en toute ind\u00e9pendance et en toute confiance.<\/p>\n<p>Nous vous invitons \u00e0 nous rejoindre au Parc des Expositions Porte de Versailles \u00e0 Paris pour d\u00e9couvrir comment les solutions TeleAlarm peuvent r\u00e9pondre aux besoins croissants d&#8217;une population fran\u00e7aise vieillissante et contribuer au d\u00e9veloppement de la Silver Economy.<\/p>\n","protected":false},"excerpt":{"rendered":"<p>TeleAlarm est ravi de participer au Silver Economy Expo de cette ann\u00e9e \u00e0 Paris, les 23 et 24 novembre 2024. Cet \u00e9v\u00e9nement majeur, d\u00e9di\u00e9 aux besoins croissants d&#8217;une population vieillissante, r\u00e9unit les acteurs de l&#8217;innovation en mati\u00e8re de services et technologies orient\u00e9s vers les seniors. En tant qu\u2019acteur cl\u00e9 de la Silver Economy, nous sommes&hellip;<\/p>\n","protected":false},"author":504,"featured_media":66071,"comment_status":"closed","ping_status":"closed","sticky":false,"template":"","format":"standard","meta":{"_monsterinsights_skip_tracking":false,"_monsterinsights_sitenote_active":false,"_monsterinsights_sitenote_note":"","_monsterinsights_sitenote_category":0,"footnotes":""},"categories":["86","95","96","98","196","243","244","245","246","247","248","250","290","295","296","297","298","299","300","301","302","303","304","305","306","307","308","309","310","311","312","313","314","315","316","317","318","319","320","321","322","323","324","325","437","464"],"tags":[],"class_list":{"0":"post-66069","1":"post","2":"type-post","3":"status-publish","4":"format-standard","5":"has-post-thumbnail","6":"hentry","7":"category-lms-fr","8":"category-uncategorized-fr","12":"category-hausnotruf-fr","13":"category-nurse-call-fr","20":"category-evenement-fr","25":"category-uncategorized-en","27":"category-le-saviez-vous","28":"category-produits-et-technologie","29":"category-foires-et-manifestations","30":"category-actualites-autour-de-telealarm","31":"category-nouvelles-du-secteur","32":"category-rapport-dexperiences-et-interviews","52":"category-karriere","53":"category-296","54":"category-98","58":"category-301","59":"category-250","66":"category-295","71":"category-300","73":"category-314","74":"category-319","75":"category-318","76":"category-317","77":"category-316","78":"category-315","98":"category-464","99":"description-off"},"yoast_head":"<!-- This site is optimized with the Yoast SEO plugin v20.2.1 - https:\/\/yoast.com\/wordpress\/plugins\/seo\/ -->\n<title>TeleAlarm au Silver Economy Expo 2024 : Fa\u00e7onner l\u2019Avenir des Soins aux Seniors avec des Solutions Innovantes<\/title>\n<meta name=\"description\" content=\"TeleAlarm est ravi de participer au Silver Economy Expo de cette ann\u00e9e \u00e0 Paris, les 23 et 24 novembre 2024. Cet \u00e9v\u00e9nement majeur, d\u00e9di\u00e9 aux besoins\" \/>\n<meta name=\"robots\" content=\"index, follow, max-snippet:-1, max-image-preview:large, max-video-preview:-1\" \/>\n<link rel=\"canonical\" href=\"https:\/\/www.telealarm.com\/fr\/telealarm-au-silver-economy-expo-2024-faconner-lavenir-des-soins-aux-seniors-avec-des-solutions-innovantes\/\" \/>\n<meta property=\"og:locale\" content=\"fr_FR\" \/>\n<meta property=\"og:type\" content=\"article\" \/>\n<meta property=\"og:title\" content=\"TeleAlarm au Silver Economy Expo 2024 : Fa\u00e7onner l\u2019Avenir des Soins aux Seniors avec des Solutions Innovantes\" \/>\n<meta property=\"og:description\" content=\"TeleAlarm est ravi de participer au Silver Economy Expo de cette ann\u00e9e \u00e0 Paris, les 23 et 24 novembre 2024. Cet \u00e9v\u00e9nement majeur, d\u00e9di\u00e9 aux besoins\" \/>\n<meta property=\"og:url\" content=\"https:\/\/www.telealarm.com\/fr\/telealarm-au-silver-economy-expo-2024-faconner-lavenir-des-soins-aux-seniors-avec-des-solutions-innovantes\/\" \/>\n<meta property=\"og:site_name\" content=\"TeleAlarm\" \/>\n<meta property=\"article:published_time\" content=\"2024-11-13T13:32:54+00:00\" \/>\n<meta property=\"article:modified_time\" content=\"2024-11-13T13:34:47+00:00\" \/>\n<meta property=\"og:image\" content=\"https:\/\/www.telealarm.com\/wp-content\/uploads\/LinkedIn_Silver_Expo_2024-Kopie.jpg\" \/>\n\t<meta property=\"og:image:width\" content=\"1080\" \/>\n\t<meta property=\"og:image:height\" content=\"1080\" \/>\n\t<meta property=\"og:image:type\" content=\"image\/jpeg\" \/>\n<meta name=\"author\" content=\"TeleAlarm Europe GmbH Thomas Kinnigkeit\" \/>\n<meta name=\"twitter:card\" content=\"summary_large_image\" \/>\n<meta name=\"twitter:label1\" content=\"\u00c9crit par\" \/>\n\t<meta name=\"twitter:data1\" content=\"TeleAlarm Europe GmbH Thomas Kinnigkeit\" \/>\n\t<meta name=\"twitter:label2\" content=\"Dur\u00e9e de lecture estim\u00e9e\" \/>\n\t<meta name=\"twitter:data2\" content=\"3 minutes\" \/>\n<script type=\"application\/ld+json\" class=\"yoast-schema-graph\">{\"@context\":\"https:\/\/schema.org\",\"@graph\":[{\"@type\":\"WebPage\",\"@id\":\"https:\/\/www.telealarm.com\/fr\/telealarm-au-silver-economy-expo-2024-faconner-lavenir-des-soins-aux-seniors-avec-des-solutions-innovantes\/\",\"url\":\"https:\/\/www.telealarm.com\/fr\/telealarm-au-silver-economy-expo-2024-faconner-lavenir-des-soins-aux-seniors-avec-des-solutions-innovantes\/\",\"name\":\"TeleAlarm au Silver Economy Expo 2024 : Fa\u00e7onner l\u2019Avenir des Soins aux Seniors avec des Solutions Innovantes\",\"isPartOf\":{\"@id\":\"https:\/\/www.telealarm.com\/#website\"},\"datePublished\":\"2024-11-13T13:32:54+00:00\",\"dateModified\":\"2024-11-13T13:34:47+00:00\",\"author\":{\"@id\":\"https:\/\/www.telealarm.com\/#\/schema\/person\/6e3c299c8bd84d996569a32701ca2045\"},\"description\":\"TeleAlarm est ravi de participer au Silver Economy Expo de cette ann\u00e9e \u00e0 Paris, les 23 et 24 novembre 2024. Cet \u00e9v\u00e9nement majeur, d\u00e9di\u00e9 aux besoins\",\"breadcrumb\":{\"@id\":\"https:\/\/www.telealarm.com\/fr\/telealarm-au-silver-economy-expo-2024-faconner-lavenir-des-soins-aux-seniors-avec-des-solutions-innovantes\/#breadcrumb\"},\"inLanguage\":\"fr-FR\",\"potentialAction\":[{\"@type\":\"ReadAction\",\"target\":[\"https:\/\/www.telealarm.com\/fr\/telealarm-au-silver-economy-expo-2024-faconner-lavenir-des-soins-aux-seniors-avec-des-solutions-innovantes\/\"]}]},{\"@type\":\"BreadcrumbList\",\"@id\":\"https:\/\/www.telealarm.com\/fr\/telealarm-au-silver-economy-expo-2024-faconner-lavenir-des-soins-aux-seniors-avec-des-solutions-innovantes\/#breadcrumb\",\"itemListElement\":[{\"@type\":\"ListItem\",\"position\":1,\"name\":\"Startseite\",\"item\":\"https:\/\/www.telealarm.com\/fr\/\"},{\"@type\":\"ListItem\",\"position\":2,\"name\":\"TeleAlarm au Silver Economy Expo 2024 : Fa\u00e7onner l\u2019Avenir des Soins aux Seniors avec des Solutions Innovantes\"}]},{\"@type\":\"WebSite\",\"@id\":\"https:\/\/www.telealarm.com\/#website\",\"url\":\"https:\/\/www.telealarm.com\/\",\"name\":\"TeleAlarm\",\"description\":\"Swiss Design\",\"potentialAction\":[{\"@type\":\"SearchAction\",\"target\":{\"@type\":\"EntryPoint\",\"urlTemplate\":\"https:\/\/www.telealarm.com\/?s={search_term_string}\"},\"query-input\":\"required name=search_term_string\"}],\"inLanguage\":\"fr-FR\"},{\"@type\":\"Person\",\"@id\":\"https:\/\/www.telealarm.com\/#\/schema\/person\/6e3c299c8bd84d996569a32701ca2045\",\"name\":\"TeleAlarm Europe GmbH Thomas Kinnigkeit\",\"image\":{\"@type\":\"ImageObject\",\"inLanguage\":\"fr-FR\",\"@id\":\"https:\/\/www.telealarm.com\/#\/schema\/person\/image\/\",\"url\":\"https:\/\/secure.gravatar.com\/avatar\/ef50a4f098284aaaf95f4ffdb910ae8ee6cbcf54018824ed85163398c114e62e?s=96&d=mm&r=g\",\"contentUrl\":\"https:\/\/secure.gravatar.com\/avatar\/ef50a4f098284aaaf95f4ffdb910ae8ee6cbcf54018824ed85163398c114e62e?s=96&d=mm&r=g\",\"caption\":\"TeleAlarm Europe GmbH Thomas Kinnigkeit\"}}]}<\/script>\n<!-- \/ Yoast SEO plugin. -->","yoast_head_json":{"title":"TeleAlarm au Silver Economy Expo 2024 : Fa\u00e7onner l\u2019Avenir des Soins aux Seniors avec des Solutions Innovantes","description":"TeleAlarm est ravi de participer au Silver Economy Expo de cette ann\u00e9e \u00e0 Paris, les 23 et 24 novembre 2024. Cet \u00e9v\u00e9nement majeur, d\u00e9di\u00e9 aux besoins","robots":{"index":"index","follow":"follow","max-snippet":"max-snippet:-1","max-image-preview":"max-image-preview:large","max-video-preview":"max-video-preview:-1"},"canonical":"https:\/\/www.telealarm.com\/fr\/telealarm-au-silver-economy-expo-2024-faconner-lavenir-des-soins-aux-seniors-avec-des-solutions-innovantes\/","og_locale":"fr_FR","og_type":"article","og_title":"TeleAlarm au Silver Economy Expo 2024 : Fa\u00e7onner l\u2019Avenir des Soins aux Seniors avec des Solutions Innovantes","og_description":"TeleAlarm est ravi de participer au Silver Economy Expo de cette ann\u00e9e \u00e0 Paris, les 23 et 24 novembre 2024. Cet \u00e9v\u00e9nement majeur, d\u00e9di\u00e9 aux besoins","og_url":"https:\/\/www.telealarm.com\/fr\/telealarm-au-silver-economy-expo-2024-faconner-lavenir-des-soins-aux-seniors-avec-des-solutions-innovantes\/","og_site_name":"TeleAlarm","article_published_time":"2024-11-13T13:32:54+00:00","article_modified_time":"2024-11-13T13:34:47+00:00","og_image":[{"width":1080,"height":1080,"url":"https:\/\/www.telealarm.com\/wp-content\/uploads\/LinkedIn_Silver_Expo_2024-Kopie.jpg","type":"image\/jpeg"}],"author":"TeleAlarm Europe GmbH Thomas Kinnigkeit","twitter_card":"summary_large_image","twitter_misc":{"\u00c9crit par":"TeleAlarm Europe GmbH Thomas Kinnigkeit","Dur\u00e9e de lecture estim\u00e9e":"3 minutes"},"schema":{"@context":"https:\/\/schema.org","@graph":[{"@type":"WebPage","@id":"https:\/\/www.telealarm.com\/fr\/telealarm-au-silver-economy-expo-2024-faconner-lavenir-des-soins-aux-seniors-avec-des-solutions-innovantes\/","url":"https:\/\/www.telealarm.com\/fr\/telealarm-au-silver-economy-expo-2024-faconner-lavenir-des-soins-aux-seniors-avec-des-solutions-innovantes\/","name":"TeleAlarm au Silver Economy Expo 2024 : Fa\u00e7onner l\u2019Avenir des Soins aux Seniors avec des Solutions Innovantes","isPartOf":{"@id":"https:\/\/www.telealarm.com\/#website"},"datePublished":"2024-11-13T13:32:54+00:00","dateModified":"2024-11-13T13:34:47+00:00","author":{"@id":"https:\/\/www.telealarm.com\/#\/schema\/person\/6e3c299c8bd84d996569a32701ca2045"},"description":"TeleAlarm est ravi de participer au Silver Economy Expo de cette ann\u00e9e \u00e0 Paris, les 23 et 24 novembre 2024. Cet \u00e9v\u00e9nement majeur, d\u00e9di\u00e9 aux besoins","breadcrumb":{"@id":"https:\/\/www.telealarm.com\/fr\/telealarm-au-silver-economy-expo-2024-faconner-lavenir-des-soins-aux-seniors-avec-des-solutions-innovantes\/#breadcrumb"},"inLanguage":"fr-FR","potentialAction":[{"@type":"ReadAction","target":["https:\/\/www.telealarm.com\/fr\/telealarm-au-silver-economy-expo-2024-faconner-lavenir-des-soins-aux-seniors-avec-des-solutions-innovantes\/"]}]},{"@type":"BreadcrumbList","@id":"https:\/\/www.telealarm.com\/fr\/telealarm-au-silver-economy-expo-2024-faconner-lavenir-des-soins-aux-seniors-avec-des-solutions-innovantes\/#breadcrumb","itemListElement":[{"@type":"ListItem","position":1,"name":"Startseite","item":"https:\/\/www.telealarm.com\/fr\/"},{"@type":"ListItem","position":2,"name":"TeleAlarm au Silver Economy Expo 2024 : Fa\u00e7onner l\u2019Avenir des Soins aux Seniors avec des Solutions Innovantes"}]},{"@type":"WebSite","@id":"https:\/\/www.telealarm.com\/#website","url":"https:\/\/www.telealarm.com\/","name":"TeleAlarm","description":"Swiss Design","potentialAction":[{"@type":"SearchAction","target":{"@type":"EntryPoint","urlTemplate":"https:\/\/www.telealarm.com\/?s={search_term_string}"},"query-input":"required name=search_term_string"}],"inLanguage":"fr-FR"},{"@type":"Person","@id":"https:\/\/www.telealarm.com\/#\/schema\/person\/6e3c299c8bd84d996569a32701ca2045","name":"TeleAlarm Europe GmbH Thomas Kinnigkeit","image":{"@type":"ImageObject","inLanguage":"fr-FR","@id":"https:\/\/www.telealarm.com\/#\/schema\/person\/image\/","url":"https:\/\/secure.gravatar.com\/avatar\/ef50a4f098284aaaf95f4ffdb910ae8ee6cbcf54018824ed85163398c114e62e?s=96&d=mm&r=g","contentUrl":"https:\/\/secure.gravatar.com\/avatar\/ef50a4f098284aaaf95f4ffdb910ae8ee6cbcf54018824ed85163398c114e62e?s=96&d=mm&r=g","caption":"TeleAlarm Europe GmbH Thomas Kinnigkeit"}}]}},"_links":{"self":[{"href":"https:\/\/www.telealarm.com\/fr\/wp-json\/wp\/v2\/posts\/66069\/"}],"collection":[{"href":"https:\/\/www.telealarm.com\/fr\/wp-json\/wp\/v2\/posts\/"}],"about":[{"href":"https:\/\/www.telealarm.com\/fr\/wp-json\/wp\/v2\/types\/post\/"}],"author":[{"embeddable":true,"href":"https:\/\/www.telealarm.com\/fr\/wp-json\/wp\/v2\/users\/504\/"}],"replies":[{"embeddable":true,"href":"https:\/\/www.telealarm.com\/fr\/wp-json\/wp\/v2\/comments\/?post=66069"}],"version-history":[{"count":3,"href":"https:\/\/www.telealarm.com\/fr\/wp-json\/wp\/v2\/posts\/66069\/revisions\/"}],"predecessor-version":[{"id":66078,"href":"https:\/\/www.telealarm.com\/fr\/wp-json\/wp\/v2\/posts\/66069\/revisions\/66078\/"}],"wp:featuredmedia":[{"embeddable":true,"href":"https:\/\/www.telealarm.com\/fr\/wp-json\/wp\/v2\/media\/66071\/"}],"wp:attachment":[{"href":"https:\/\/www.telealarm.com\/fr\/wp-json\/wp\/v2\/media\/?parent=66069"}],"wp:term":[{"taxonomy":"category","embeddable":true,"href":"https:\/\/www.telealarm.com\/fr\/wp-json\/wp\/v2\/categories\/?post=66069"},{"taxonomy":"post_tag","embeddable":true,"href":"https:\/\/www.telealarm.com\/fr\/wp-json\/wp\/v2\/tags\/?post=66069"}],"curies":[{"name":"wp","href":"https:\/\/api.w.org\/{rel}","templated":true}]}}