{"id":63832,"date":"2024-01-22T10:16:29","date_gmt":"2024-01-22T09:16:29","guid":{"rendered":"https:\/\/www.telealarm.com\/?p=63832"},"modified":"2024-01-22T10:16:29","modified_gmt":"2024-01-22T09:16:29","slug":"%f0%9f%8e%99%ef%b8%8f-telealarm-interviendra-au-congres-wdtm-a-anvers-%f0%9f%8e%99%ef%b8%8f","status":"publish","type":"post","link":"https:\/\/www.telealarm.com\/fr\/%f0%9f%8e%99%ef%b8%8f-telealarm-interviendra-au-congres-wdtm-a-anvers-%f0%9f%8e%99%ef%b8%8f\/","title":{"rendered":"\ud83c\udf99\ufe0f TeleAlarm interviendra au congr\u00e8s WDTM \u00e0 Anvers \ud83c\udf99\ufe0f"},"content":{"rendered":"<p>Nous avons le plaisir d&#8217;annoncer que Michal Hendricks, directeur des ventes de TeleAlarm pour l&#8217;Allemagne, sera l&#8217;un des principaux orateurs du prochain congr\u00e8s du WDTM intitul\u00e9 &#8221; Telemonitoring in an International Perspective &#8220;, qui aura lieu le jeudi 25 janvier 2024.<\/p>\n<p>Cet \u00e9v\u00e9nement, organis\u00e9 par le WDTM, r\u00e9unira des intervenants de Belgique, d&#8217;Allemagne, de France et des Pays-Bas pour discuter des derniers d\u00e9veloppements dans le domaine des syst\u00e8mes d&#8217;alarme personnelle et des centres de services m\u00e9dicaux. Ils examineront l&#8217;\u00e9volution du paysage de la t\u00e9l\u00e9surveillance et discuteront du r\u00f4le int\u00e9gral qu&#8217;elle joue dans le syst\u00e8me de soins de sant\u00e9. En outre, les orateurs aborderont le r\u00f4le actuel et futur des centres de services m\u00e9dicaux dans la t\u00e9l\u00e9surveillance.<\/p>\n<p>Apr\u00e8s la pause, trois sessions JAM int\u00e9ressantes permettront de discuter en profondeur des id\u00e9es pr\u00e9sent\u00e9es par les orateurs, sous diff\u00e9rents angles. Chaque session JAM durera 15 minutes et sera dirig\u00e9e par un mod\u00e9rateur qui guidera la dynamique de la discussion. De plus amples informations sur les sessions JAM seront annonc\u00e9es au cours de l&#8217;\u00e9v\u00e9nement.<\/p>\n<p>La journ\u00e9e se d\u00e9roulera au Wit-Gele Kruis van Antwerpen \u00e0 Herentals. La conf\u00e9rence d\u00e9butera \u00e0 13h00 et se terminera \u00e0 17h00.<\/p>\n","protected":false},"excerpt":{"rendered":"<p>Nous avons le plaisir d&#8217;annoncer que Michal Hendricks, directeur des ventes de TeleAlarm pour l&#8217;Allemagne, sera l&#8217;un des principaux orateurs du prochain congr\u00e8s du WDTM intitul\u00e9 &#8221; Telemonitoring in an International Perspective &#8220;, qui aura lieu le jeudi 25 janvier 2024. Cet \u00e9v\u00e9nement, organis\u00e9 par le WDTM, r\u00e9unira des intervenants de Belgique, d&#8217;Allemagne, de France&hellip;<\/p>\n","protected":false},"author":504,"featured_media":63833,"comment_status":"closed","ping_status":"closed","sticky":false,"template":"","format":"standard","meta":{"_monsterinsights_skip_tracking":false,"_monsterinsights_sitenote_active":false,"_monsterinsights_sitenote_note":"","_monsterinsights_sitenote_category":0,"footnotes":""},"categories":["86","95","96","98","196","243","244","245","246","247","248","250","290","295","296","297","298","299","300","301","302","303","304","305","306","307","308","309","310","311","312","313","314","315","316","317","318","319","320","321","322","323","324","325","437","464"],"tags":[],"class_list":{"0":"post-63832","1":"post","2":"type-post","3":"status-publish","4":"format-standard","5":"has-post-thumbnail","6":"hentry","7":"category-lms-fr","8":"category-uncategorized-fr","12":"category-hausnotruf-fr","13":"category-nurse-call-fr","20":"category-evenement-fr","25":"category-uncategorized-en","27":"category-le-saviez-vous","28":"category-produits-et-technologie","29":"category-foires-et-manifestations","30":"category-actualites-autour-de-telealarm","31":"category-nouvelles-du-secteur","32":"category-rapport-dexperiences-et-interviews","52":"category-karriere","53":"category-296","54":"category-98","58":"category-301","59":"category-250","66":"category-295","71":"category-300","73":"category-314","74":"category-319","75":"category-318","76":"category-317","77":"category-316","78":"category-315","98":"category-464","99":"description-off"},"yoast_head":"<!-- This site is optimized with the Yoast SEO plugin v20.2.1 - https:\/\/yoast.com\/wordpress\/plugins\/seo\/ -->\n<title>\ud83c\udf99\ufe0f TeleAlarm interviendra au congr\u00e8s WDTM \u00e0 Anvers \ud83c\udf99\ufe0f<\/title>\n<meta name=\"description\" content=\"Nous avons le plaisir d&#039;annoncer que Michal Hendricks, directeur des ventes de TeleAlarm pour l&#039;Allemagne, sera l&#039;un des principaux orateurs du prochain\" \/>\n<meta name=\"robots\" content=\"index, follow, max-snippet:-1, max-image-preview:large, max-video-preview:-1\" \/>\n<link rel=\"canonical\" href=\"https:\/\/www.telealarm.com\/fr\/\ud83c\udf99\ufe0f-telealarm-interviendra-au-congres-wdtm-a-anvers-\ud83c\udf99\ufe0f\/\" \/>\n<meta property=\"og:locale\" content=\"fr_FR\" \/>\n<meta property=\"og:type\" content=\"article\" \/>\n<meta property=\"og:title\" content=\"\ud83c\udf99\ufe0f TeleAlarm interviendra au congr\u00e8s WDTM \u00e0 Anvers \ud83c\udf99\ufe0f\" \/>\n<meta property=\"og:description\" content=\"Nous avons le plaisir d&#039;annoncer que Michal Hendricks, directeur des ventes de TeleAlarm pour l&#039;Allemagne, sera l&#039;un des principaux orateurs du prochain\" \/>\n<meta property=\"og:url\" content=\"https:\/\/www.telealarm.com\/fr\/\ud83c\udf99\ufe0f-telealarm-interviendra-au-congres-wdtm-a-anvers-\ud83c\udf99\ufe0f\/\" \/>\n<meta property=\"og:site_name\" content=\"TeleAlarm\" \/>\n<meta property=\"article:published_time\" content=\"2024-01-22T09:16:29+00:00\" \/>\n<meta property=\"og:image\" content=\"https:\/\/www.telealarm.com\/wp-content\/uploads\/04-WDTM_Antwerpen-Kopie-2.jpg\" \/>\n\t<meta property=\"og:image:width\" content=\"1080\" \/>\n\t<meta property=\"og:image:height\" content=\"1080\" \/>\n\t<meta property=\"og:image:type\" content=\"image\/jpeg\" \/>\n<meta name=\"author\" content=\"TeleAlarm Europe GmbH Thomas Kinnigkeit\" \/>\n<meta name=\"twitter:card\" content=\"summary_large_image\" \/>\n<meta name=\"twitter:label1\" content=\"\u00c9crit par\" \/>\n\t<meta name=\"twitter:data1\" content=\"TeleAlarm Europe GmbH Thomas Kinnigkeit\" \/>\n\t<meta name=\"twitter:label2\" content=\"Dur\u00e9e de lecture estim\u00e9e\" \/>\n\t<meta name=\"twitter:data2\" content=\"1 minute\" \/>\n<script type=\"application\/ld+json\" class=\"yoast-schema-graph\">{\"@context\":\"https:\/\/schema.org\",\"@graph\":[{\"@type\":\"WebPage\",\"@id\":\"https:\/\/www.telealarm.com\/fr\/%f0%9f%8e%99%ef%b8%8f-telealarm-interviendra-au-congres-wdtm-a-anvers-%f0%9f%8e%99%ef%b8%8f\/\",\"url\":\"https:\/\/www.telealarm.com\/fr\/%f0%9f%8e%99%ef%b8%8f-telealarm-interviendra-au-congres-wdtm-a-anvers-%f0%9f%8e%99%ef%b8%8f\/\",\"name\":\"\ud83c\udf99\ufe0f TeleAlarm interviendra au congr\u00e8s WDTM \u00e0 Anvers \ud83c\udf99\ufe0f\",\"isPartOf\":{\"@id\":\"https:\/\/www.telealarm.com\/#website\"},\"datePublished\":\"2024-01-22T09:16:29+00:00\",\"dateModified\":\"2024-01-22T09:16:29+00:00\",\"author\":{\"@id\":\"https:\/\/www.telealarm.com\/#\/schema\/person\/6e3c299c8bd84d996569a32701ca2045\"},\"description\":\"Nous avons le plaisir d'annoncer que Michal Hendricks, directeur des ventes de TeleAlarm pour l'Allemagne, sera l'un des principaux orateurs du prochain\",\"breadcrumb\":{\"@id\":\"https:\/\/www.telealarm.com\/fr\/%f0%9f%8e%99%ef%b8%8f-telealarm-interviendra-au-congres-wdtm-a-anvers-%f0%9f%8e%99%ef%b8%8f\/#breadcrumb\"},\"inLanguage\":\"fr-FR\",\"potentialAction\":[{\"@type\":\"ReadAction\",\"target\":[\"https:\/\/www.telealarm.com\/fr\/%f0%9f%8e%99%ef%b8%8f-telealarm-interviendra-au-congres-wdtm-a-anvers-%f0%9f%8e%99%ef%b8%8f\/\"]}]},{\"@type\":\"BreadcrumbList\",\"@id\":\"https:\/\/www.telealarm.com\/fr\/%f0%9f%8e%99%ef%b8%8f-telealarm-interviendra-au-congres-wdtm-a-anvers-%f0%9f%8e%99%ef%b8%8f\/#breadcrumb\",\"itemListElement\":[{\"@type\":\"ListItem\",\"position\":1,\"name\":\"Startseite\",\"item\":\"https:\/\/www.telealarm.com\/fr\/\"},{\"@type\":\"ListItem\",\"position\":2,\"name\":\"\ud83c\udf99\ufe0f TeleAlarm interviendra au congr\u00e8s WDTM \u00e0 Anvers \ud83c\udf99\ufe0f\"}]},{\"@type\":\"WebSite\",\"@id\":\"https:\/\/www.telealarm.com\/#website\",\"url\":\"https:\/\/www.telealarm.com\/\",\"name\":\"TeleAlarm\",\"description\":\"Swiss Design\",\"potentialAction\":[{\"@type\":\"SearchAction\",\"target\":{\"@type\":\"EntryPoint\",\"urlTemplate\":\"https:\/\/www.telealarm.com\/?s={search_term_string}\"},\"query-input\":\"required name=search_term_string\"}],\"inLanguage\":\"fr-FR\"},{\"@type\":\"Person\",\"@id\":\"https:\/\/www.telealarm.com\/#\/schema\/person\/6e3c299c8bd84d996569a32701ca2045\",\"name\":\"TeleAlarm Europe GmbH Thomas Kinnigkeit\",\"image\":{\"@type\":\"ImageObject\",\"inLanguage\":\"fr-FR\",\"@id\":\"https:\/\/www.telealarm.com\/#\/schema\/person\/image\/\",\"url\":\"https:\/\/secure.gravatar.com\/avatar\/ef50a4f098284aaaf95f4ffdb910ae8ee6cbcf54018824ed85163398c114e62e?s=96&d=mm&r=g\",\"contentUrl\":\"https:\/\/secure.gravatar.com\/avatar\/ef50a4f098284aaaf95f4ffdb910ae8ee6cbcf54018824ed85163398c114e62e?s=96&d=mm&r=g\",\"caption\":\"TeleAlarm Europe GmbH Thomas Kinnigkeit\"}}]}<\/script>\n<!-- \/ Yoast SEO plugin. -->","yoast_head_json":{"title":"\ud83c\udf99\ufe0f TeleAlarm interviendra au congr\u00e8s WDTM \u00e0 Anvers \ud83c\udf99\ufe0f","description":"Nous avons le plaisir d'annoncer que Michal Hendricks, directeur des ventes de TeleAlarm pour l'Allemagne, sera l'un des principaux orateurs du prochain","robots":{"index":"index","follow":"follow","max-snippet":"max-snippet:-1","max-image-preview":"max-image-preview:large","max-video-preview":"max-video-preview:-1"},"canonical":"https:\/\/www.telealarm.com\/fr\/\ud83c\udf99\ufe0f-telealarm-interviendra-au-congres-wdtm-a-anvers-\ud83c\udf99\ufe0f\/","og_locale":"fr_FR","og_type":"article","og_title":"\ud83c\udf99\ufe0f TeleAlarm interviendra au congr\u00e8s WDTM \u00e0 Anvers \ud83c\udf99\ufe0f","og_description":"Nous avons le plaisir d'annoncer que Michal Hendricks, directeur des ventes de TeleAlarm pour l'Allemagne, sera l'un des principaux orateurs du prochain","og_url":"https:\/\/www.telealarm.com\/fr\/\ud83c\udf99\ufe0f-telealarm-interviendra-au-congres-wdtm-a-anvers-\ud83c\udf99\ufe0f\/","og_site_name":"TeleAlarm","article_published_time":"2024-01-22T09:16:29+00:00","og_image":[{"width":1080,"height":1080,"url":"https:\/\/www.telealarm.com\/wp-content\/uploads\/04-WDTM_Antwerpen-Kopie-2.jpg","type":"image\/jpeg"}],"author":"TeleAlarm Europe GmbH Thomas Kinnigkeit","twitter_card":"summary_large_image","twitter_misc":{"\u00c9crit par":"TeleAlarm Europe GmbH Thomas Kinnigkeit","Dur\u00e9e de lecture estim\u00e9e":"1 minute"},"schema":{"@context":"https:\/\/schema.org","@graph":[{"@type":"WebPage","@id":"https:\/\/www.telealarm.com\/fr\/%f0%9f%8e%99%ef%b8%8f-telealarm-interviendra-au-congres-wdtm-a-anvers-%f0%9f%8e%99%ef%b8%8f\/","url":"https:\/\/www.telealarm.com\/fr\/%f0%9f%8e%99%ef%b8%8f-telealarm-interviendra-au-congres-wdtm-a-anvers-%f0%9f%8e%99%ef%b8%8f\/","name":"\ud83c\udf99\ufe0f TeleAlarm interviendra au congr\u00e8s WDTM \u00e0 Anvers \ud83c\udf99\ufe0f","isPartOf":{"@id":"https:\/\/www.telealarm.com\/#website"},"datePublished":"2024-01-22T09:16:29+00:00","dateModified":"2024-01-22T09:16:29+00:00","author":{"@id":"https:\/\/www.telealarm.com\/#\/schema\/person\/6e3c299c8bd84d996569a32701ca2045"},"description":"Nous avons le plaisir d'annoncer que Michal Hendricks, directeur des ventes de TeleAlarm pour l'Allemagne, sera l'un des principaux orateurs du prochain","breadcrumb":{"@id":"https:\/\/www.telealarm.com\/fr\/%f0%9f%8e%99%ef%b8%8f-telealarm-interviendra-au-congres-wdtm-a-anvers-%f0%9f%8e%99%ef%b8%8f\/#breadcrumb"},"inLanguage":"fr-FR","potentialAction":[{"@type":"ReadAction","target":["https:\/\/www.telealarm.com\/fr\/%f0%9f%8e%99%ef%b8%8f-telealarm-interviendra-au-congres-wdtm-a-anvers-%f0%9f%8e%99%ef%b8%8f\/"]}]},{"@type":"BreadcrumbList","@id":"https:\/\/www.telealarm.com\/fr\/%f0%9f%8e%99%ef%b8%8f-telealarm-interviendra-au-congres-wdtm-a-anvers-%f0%9f%8e%99%ef%b8%8f\/#breadcrumb","itemListElement":[{"@type":"ListItem","position":1,"name":"Startseite","item":"https:\/\/www.telealarm.com\/fr\/"},{"@type":"ListItem","position":2,"name":"\ud83c\udf99\ufe0f TeleAlarm interviendra au congr\u00e8s WDTM \u00e0 Anvers \ud83c\udf99\ufe0f"}]},{"@type":"WebSite","@id":"https:\/\/www.telealarm.com\/#website","url":"https:\/\/www.telealarm.com\/","name":"TeleAlarm","description":"Swiss Design","potentialAction":[{"@type":"SearchAction","target":{"@type":"EntryPoint","urlTemplate":"https:\/\/www.telealarm.com\/?s={search_term_string}"},"query-input":"required name=search_term_string"}],"inLanguage":"fr-FR"},{"@type":"Person","@id":"https:\/\/www.telealarm.com\/#\/schema\/person\/6e3c299c8bd84d996569a32701ca2045","name":"TeleAlarm Europe GmbH Thomas Kinnigkeit","image":{"@type":"ImageObject","inLanguage":"fr-FR","@id":"https:\/\/www.telealarm.com\/#\/schema\/person\/image\/","url":"https:\/\/secure.gravatar.com\/avatar\/ef50a4f098284aaaf95f4ffdb910ae8ee6cbcf54018824ed85163398c114e62e?s=96&d=mm&r=g","contentUrl":"https:\/\/secure.gravatar.com\/avatar\/ef50a4f098284aaaf95f4ffdb910ae8ee6cbcf54018824ed85163398c114e62e?s=96&d=mm&r=g","caption":"TeleAlarm Europe GmbH Thomas Kinnigkeit"}}]}},"_links":{"self":[{"href":"https:\/\/www.telealarm.com\/fr\/wp-json\/wp\/v2\/posts\/63832\/"}],"collection":[{"href":"https:\/\/www.telealarm.com\/fr\/wp-json\/wp\/v2\/posts\/"}],"about":[{"href":"https:\/\/www.telealarm.com\/fr\/wp-json\/wp\/v2\/types\/post\/"}],"author":[{"embeddable":true,"href":"https:\/\/www.telealarm.com\/fr\/wp-json\/wp\/v2\/users\/504\/"}],"replies":[{"embeddable":true,"href":"https:\/\/www.telealarm.com\/fr\/wp-json\/wp\/v2\/comments\/?post=63832"}],"version-history":[{"count":1,"href":"https:\/\/www.telealarm.com\/fr\/wp-json\/wp\/v2\/posts\/63832\/revisions\/"}],"predecessor-version":[{"id":63837,"href":"https:\/\/www.telealarm.com\/fr\/wp-json\/wp\/v2\/posts\/63832\/revisions\/63837\/"}],"wp:featuredmedia":[{"embeddable":true,"href":"https:\/\/www.telealarm.com\/fr\/wp-json\/wp\/v2\/media\/63833\/"}],"wp:attachment":[{"href":"https:\/\/www.telealarm.com\/fr\/wp-json\/wp\/v2\/media\/?parent=63832"}],"wp:term":[{"taxonomy":"category","embeddable":true,"href":"https:\/\/www.telealarm.com\/fr\/wp-json\/wp\/v2\/categories\/?post=63832"},{"taxonomy":"post_tag","embeddable":true,"href":"https:\/\/www.telealarm.com\/fr\/wp-json\/wp\/v2\/tags\/?post=63832"}],"curies":[{"name":"wp","href":"https:\/\/api.w.org\/{rel}","templated":true}]}}