{"id":56532,"date":"2018-12-20T21:44:35","date_gmt":"2018-12-20T20:44:35","guid":{"rendered":"https:\/\/www.telealarm.com\/ereignisreiches-jahr-2018-und-erfolgreicher-start-fuer-telealarm\/"},"modified":"2024-10-09T09:55:09","modified_gmt":"2024-10-09T07:55:09","slug":"une-annee-2018-riche-en-evenements-et-un-demarrage-reussi-pour-telealarm","status":"publish","type":"post","link":"https:\/\/www.telealarm.com\/fr\/une-annee-2018-riche-en-evenements-et-un-demarrage-reussi-pour-telealarm\/","title":{"rendered":"Une ann\u00e9e 2018 riche en \u00e9v\u00e9nements et un d\u00e9marrage r\u00e9ussi pour TeleAlarm"},"content":{"rendered":"<section class=\"wpb-content-wrapper\"><p>[vc_row][vc_column][vc_column_text css=&#8221;&#8221;]Une ann\u00e9e couronn\u00e9e de succ\u00e8s avec de nombreux \u00e9v\u00e9nements et exp\u00e9riences touche \u00e0 sa fin. Cette ann\u00e9e encore, TeleAlarm Europe revient sur de nombreux lancements de produits, salons et \u00e9v\u00e9nements. Avant que l\u2019\u00e9quipe ne commence la nouvelle ann\u00e9e avec beaucoup d\u2019\u00e9nergie et de motivation, TeleAlarm fait le point sur les \u00e9v\u00e9nements les plus importants de l\u2019ann\u00e9e \u00e9coul\u00e9e.<\/p>\n<h2>Petit anniversaire : trois ans sur le site de Leipzig<\/h2>\n<p>En f\u00e9vrier 2015, TeleAlarm a d\u00e9m\u00e9nag\u00e9 \u00e0 Leipzig : la raison de ce d\u00e9m\u00e9nagement il y a trois ans \u00e9tait l\u2019int\u00e9gration du groupe TeleAlarm Europe dans Leesys GmbH. Depuis l\u2019int\u00e9gration et le d\u00e9m\u00e9nagement sur le site de production de Leipzig, les clients en profitent deux fois plus, car TeleAlarm et Leesys fabriquent ensemble des produits de premi\u00e8re classe sous la devise \u00ab\u00a0Swiss Design, Made in Germany\u00a0\u00bb.<\/p>\n<p>Depuis lors, le groupe d\u2019entreprises n\u2019a cess\u00e9 de se d\u00e9velopper. Outre le d\u00e9veloppement d\u2019un nouveau groupe de produits dans le domaine des appareils de t\u00e9l\u00e9assistance, la famille TA7x, l\u2019espace de bureau s\u2019est \u00e9galement agrandi et les structures d\u2019entreprise ont chang\u00e9. Les courtes distances jusqu\u2019\u00e0 Leesys ont permis \u00e0 TeleAlarm Europe de d\u00e9localiser continuellement la fabrication de ses produits \u00e0 Leipzig dans les mois qui ont suivi. Les ventes et la production ont ainsi pu \u00eatre regroup\u00e9es et effectivement d\u00e9velopp\u00e9es sur un m\u00eame site.<\/p>\n<h2>Lancement de produits pour plus d\u2019ind\u00e9pendance<\/h2>\n<h3>Extension de la famille TA74<\/h3>\n<figure id=\"attachment_9202\" class=\"wp-caption alignleft\" aria-describedby=\"caption-attachment-9202\"><img loading=\"lazy\" decoding=\"async\" class=\"size-full wp-image-9202\" src=\"https:\/\/www.telealarm.com\/wp-content\/uploads\/2018\/03\/Teilnehmerstation_TA74_4.jpg\" sizes=\"auto, (max-width: 400px) 100vw, 400px\" alt=\"Teilnehmerstation_TA74_4\" width=\"400\" height=\"560\" srcset=\"https:\/\/www.telealarm.com\/wp-content\/uploads\/2018\/03\/Teilnehmerstation_TA74_4.jpg 400w, https:\/\/www.telealarm.com\/wp-content\/uploads\/2018\/03\/Teilnehmerstation_TA74_4-214x300.jpg 214w\" \/><figcaption id=\"caption-attachment-9202\" class=\"wp-caption-text\">TA74<\/figcaption><\/figure>\n<p><a href=\"https:\/\/www.telealarm.com\/nl\/project\/ta74-2-2-2\/\">La famille TA74<\/a> est l\u2019un des produits TeleAlarm les plus populaires. En 2018, la famille TA74, qui se compose actuellement de quatre appareils au total, a de nouveau \u00e9t\u00e9 \u00e9largie. Avec le TA74-GSM, un appareil compl\u00e8te la s\u00e9rie qui dispose d\u2019une transmission GSM, est enti\u00e8rement compatible IP et permet la communication via SCAIP, RBIP et SIP.<\/p>\n<p>En outre, l\u2019appareil est adapt\u00e9 au r\u00e9seau fixe num\u00e9rique et offre ainsi au client un libre choix des voies de transmission. Ind\u00e9pendamment de la connexion disponible, le TA74-GSM peut toujours \u00eatre plac\u00e9 car il poss\u00e8de toutes les connexions possibles. Il est \u00e9galement disponible en version \u201cBlack Edition ( couleur noir ).<\/p>\n<p>Le TA74-GSM soutient toutes les personnes qui m\u00e8nent une vie ind\u00e9pendante dans leur propre maison, mais qui veulent toujours se sentir en s\u00e9curit\u00e9 et obtenir de l\u2019aide en cas de besoin.<\/p>\n<h3>Le TA70 Audio Extender pour les grands appartements et maisons<\/h3>\n<figure id=\"attachment_11543\" class=\"wp-caption alignright\" aria-describedby=\"caption-attachment-11543\"><img decoding=\"async\" class=\"size-full wp-image-11543\" src=\"https:\/\/www.telealarm.com\/wp-content\/uploads\/TA_70-1120x800px_300dpi.png\" sizes=\"(max-width: 1120px) 100vw, 1120px\" alt=\"TA70 Audio Extender\" width=\"400\" srcset=\"https:\/\/www.telealarm.com\/wp-content\/uploads\/TA_70-1120x800px_300dpi.png 1120w, https:\/\/www.telealarm.com\/wp-content\/uploads\/TA_70-1120x800px_300dpi-600x429.png 600w, https:\/\/www.telealarm.com\/wp-content\/uploads\/TA_70-1120x800px_300dpi-300x214.png 300w, https:\/\/www.telealarm.com\/wp-content\/uploads\/TA_70-1120x800px_300dpi-768x549.png 768w, https:\/\/www.telealarm.com\/wp-content\/uploads\/TA_70-1120x800px_300dpi-1024x731.png 1024w, https:\/\/www.telealarm.com\/wp-content\/uploads\/TA_70-1120x800px_300dpi-560x400.png 560w\" \/><figcaption id=\"caption-attachment-11543\" class=\"wp-caption-text\">TA70 Audio Extender<\/figcaption><\/figure>\n<p>Le TA70 Audio Extender a \u00e9t\u00e9 d\u00e9velopp\u00e9 et introduit en 2018 pour les appartements \u00e0 plusieurs pi\u00e8ces o\u00f9 la couverture de l\u2019appareil de t\u00e9l\u00e9assistance seule n\u2019est pas suffisante. Ce haut-parleur externe avec microphone int\u00e9gr\u00e9 pour la famille TA74 offre aux clients un compl\u00e9ment pratique qui contribue \u00e0 un sentiment suppl\u00e9mentaire de s\u00e9curit\u00e9. Le TA70 impressionne par sa qualit\u00e9 audio de premi\u00e8re classe, son maniement facile et son nettoyage simple.<\/p>\n<h2>Formation continue et certifications<\/h2>\n<h3>Formation continue des employ\u00e9s pour qu\u2019ils deviennent formateurs en d\u00e9tecteurs de fum\u00e9e (sp\u00e9cialistesQ-tested )<\/h3>\n<p><img decoding=\"async\" class=\"alignright size-full wp-image-11174\" src=\"https:\/\/www.telealarm.com\/wp-content\/uploads\/Feuerwehrmann_Rauchmelder_584px.jpg\" sizes=\"(max-width: 584px) 100vw, 584px\" alt=\"\" width=\"315\" srcset=\"https:\/\/www.telealarm.com\/wp-content\/uploads\/Feuerwehrmann_Rauchmelder_584px.jpg 584w, https:\/\/www.telealarm.com\/wp-content\/uploads\/Feuerwehrmann_Rauchmelder_584px-300x162.jpg 300w\" \/>Toute personne qui propose l\u2019installation de d\u00e9tecteurs de fum\u00e9e en tant que service ne doit le faire qu\u2019en conformit\u00e9 avec la norme DIN 14676. A l\u2019avenir, TeleAlarm proposera des cours de formation pour les \u00ab\u00a0sp\u00e9cialistes en d\u00e9tecteurs de fum\u00e9e Q tested\u00a0\u00bb afin que vous et vos collaborateurs puissiez vous conformer aux directives correspondantes et le prouver.<\/p>\n<p>La formation comprend le cadre l\u00e9gal et le respect des normes importantes (DIN 14676 et DIN EN 14604). A partir du 1er janvier 2019, les cours de formation se d\u00e9rouleront conform\u00e9ment aux directives en vigueur. A la fin, vous recevrez un certificat valable 5 ans.<\/p>\n<h3>Certification en gestion de la qualit\u00e9 selon ISO 9001:2015<\/h3>\n<p>Afin de r\u00e9pondre aux standards de qualit\u00e9 \u00e9lev\u00e9s de TeleAlarm, le syst\u00e8me de gestion de la qualit\u00e9 de TeleAlarm est audit\u00e9 chaque ann\u00e9e selon ISO9001 par l\u2019organisme de certification \u00ab\u00a0T\u00dcV S\u00dcD Management Service GmbH\u00a0\u00bb. Depuis cette ann\u00e9e, TeleAlarm Europe GmbH est certifi\u00e9e selon la derni\u00e8re norme de gestion de la qualit\u00e9 ISO 9001:2015 en plus de TeleAlarm S.A. Les certificats s\u2019appliquent aux domaines du d\u00e9veloppement, de la production, de la vente et du service \u00e0 la client\u00e8le de syst\u00e8mes \u00e9lectroniques de s\u00e9curit\u00e9 et de t\u00e9l\u00e9communications.<\/p>\n<h2>Extensions des approbations et des services<\/h2>\n<h3>Compatibilit\u00e9 de la famille TA7x avec Verklizan<\/h3>\n<p>Verklizan est un fournisseur ind\u00e9pendant pour les centres d\u2019assistance offrant des services de t\u00e9l\u00e9assistance est l\u2019initiateur de la plateforme UMO. Il s\u2019adresse \u00e0 tous les centres d\u2019appels qui offrent des services de t\u00e9l\u00e9m\u00e9decine, d\u2019appel d\u2019urgence \u00e0 domicile ou des services pour une meilleure qualit\u00e9 de vie et de s\u00e9curit\u00e9. Afin d\u2019\u00eatre certifi\u00e9 en tant que partenaire de la plateforme et d\u2019assurer la compatibilit\u00e9 avec UMO, tous les appareils doivent \u00eatre test\u00e9s et approuv\u00e9s. Dans ce contexte, nous sommes tr\u00e8s heureux que nos appareils TA7x aient pass\u00e9 le test avec succ\u00e8s.<\/p>\n<h3>Expansion continue de la plateforme TeleAlarm Cloud Services<\/h3>\n<p>En plus du d\u00e9veloppement de nos appareils de t\u00e9l\u00e9assistance, TeleAlarm travaille en permanence sur sa plateforme <a href=\"https:\/\/www.telealarm.com\/fr\/cms-cloud-monitoring-system\/\">TeleAlarm Cloud Services.<\/a> Un compte gratuit offre aux clients la possibilit\u00e9 de pr\u00e9programmer et d\u2019installer facilement les appareils TA7x. Cela signifie que seules la connexion de l\u2019appareil, l\u2019activation par le technicien et une alarme de test sont n\u00e9cessaires sur site afin d\u2019utiliser l\u2019appareil de t\u00e9l\u00e9asssistance. De plus, la plateforme permet une \u00e9ventuelle reprogrammation ult\u00e9rieure et l\u2019ajout d\u2019\u00e9metteurs sans fil suppl\u00e9mentaires.<br \/>\nCette ann\u00e9e encore, les fonctionnalit\u00e9s de notre plateforme TeleAlarm Cloud Services ont \u00e9t\u00e9 d\u00e9velopp\u00e9es et compl\u00e9t\u00e9es par plusieurs mises \u00e0 jour. Entre autres, la modification et la gestion des param\u00e8tres de l\u2019appareil ont \u00e9t\u00e9 optimis\u00e9es et \u00e9tendues.<\/p>\n<h2>Foires commerciales et engagement social<\/h2>\n<h3>Soutien de l\u2019Association pour la protection de la nature \u00e0 l\u2019Altenpflegemesse de Hanovre<\/h3>\n<figure id=\"attachment_9159\" class=\"wp-caption alignright\" aria-describedby=\"caption-attachment-9159\"><img loading=\"lazy\" decoding=\"async\" class=\"size-full wp-image-9159\" src=\"https:\/\/www.telealarm.com\/wp-content\/uploads\/2018\/03\/Messe-Team-TeleAlarm-Altenpflege.jpg\" sizes=\"auto, (max-width: 866px) 100vw, 866px\" alt=\"Messe-Team TeleAlarm Altenpflege 2018\" width=\"866\" height=\"443\" srcset=\"https:\/\/www.telealarm.com\/wp-content\/uploads\/2018\/03\/Messe-Team-TeleAlarm-Altenpflege.jpg 866w, https:\/\/www.telealarm.com\/wp-content\/uploads\/2018\/03\/Messe-Team-TeleAlarm-Altenpflege-600x307.jpg 600w, https:\/\/www.telealarm.com\/wp-content\/uploads\/2018\/03\/Messe-Team-TeleAlarm-Altenpflege-300x153.jpg 300w, https:\/\/www.telealarm.com\/wp-content\/uploads\/2018\/03\/Messe-Team-TeleAlarm-Altenpflege-768x393.jpg 768w\" \/><figcaption id=\"caption-attachment-9159\" class=\"wp-caption-text\">L\u2019\u00e9quipe de TeleAlarm et Leesys au salon Altenpflege 2018<\/figcaption><\/figure>\n<p>La participation \u00e0 des foires commerciales est un \u00e9l\u00e9ment important de la planification annuelle de TeleAlarm, car elle offre l\u2019occasion de pr\u00e9senter des innovations et de discuter des tendances. En 2018, TeleAlarm a \u00e9galement particip\u00e9 avec succ\u00e8s \u00e0 l\u2019Altenpflegemesse, qui a eu lieu cette fois \u00e0 Hanovre. L\u2019Altenpflegemesse est le salon phare pour tous les services et produits importants de l\u2019industrie des soins. C\u2019est une date particuli\u00e8rement importante dans l\u2019ann\u00e9e pour TeleAlarm. L\u2019\u00e9quipe TeleAlarm a pr\u00e9sent\u00e9 pendant les trois jours du salon ses innovations, ses produits et ses services aux c\u00f4t\u00e9s de quelque 500 autres exposants.<br \/>\nTeleAlarm a pr\u00e9sent\u00e9 ses innovations dans le domaine des appels d\u2019urgence \u00e0 domicile et s\u2019est concentr\u00e9 en particulier sur le domaine NurseCall avec les nouveaux produits IP. En outre, l\u2019entreprise a apport\u00e9 une contribution importante au th\u00e8me du d\u00e9veloppement durable, qui a domin\u00e9 le salon de cette ann\u00e9e. TeleAlarm a non seulement pr\u00e9sent\u00e9 ses m\u00e9thodes de production respectueuses de l\u2019environnement, mais a \u00e9galement fait don de 50 centimes par participant \u00e0 l\u2019Union allemande pour la protection de la nature et de la biodiversit\u00e9 (NABU) lors d\u2019un concours.[\/vc_column_text][\/vc_column][\/vc_row][vc_row][vc_column][vc_media_grid element_width=&#8221;3&#8243; gap=&#8221;0&#8243; grid_id=&#8221;vc_gid:1728460477919-d7cba81c-dcf0-0&#8243; include=&#8221;9203,9202,9201,9199,9198,9196,9195,9194,9193,9192,9191,9190,9189,9188,9187,9204,9186,9173,9172,9017&#8243;][\/vc_column][\/vc_row][vc_row][vc_column][vc_column_text]<\/p>\n<h3>Produits TeleAlarm dans une maison t\u00e9moin \u00e0 Berlin<\/h3>\n<p>TeleAlarm Europe GmbH a install\u00e9 un appareil d\u2019appel d\u2019urgence \u00e0 domicile et les accessoires correspondants dans le nouveau centre de conseil VDGN Grundst\u00fcck und Pflege. Ceci illustre comment le syst\u00e8me peut \u00eatre utilis\u00e9 comme une aide quotidienne.<br \/>\nLes visiteurs peuvent voir l\u2019appareil TA74, un d\u00e9tecteur de fum\u00e9e, un d\u00e9tecteur de contact et un d\u00e9tecteur de mouvement et d\u00e9couvrir comment ils travaillent ensemble. Dans la salle d\u2019exposition, par exemple, le d\u00e9tecteur de fum\u00e9e est reli\u00e9 \u00e0 l\u2019appareil de t\u00e9l\u00e9assistance. Ainsi, en cas d\u2019incendie, non seulement le son est d\u00e9clench\u00e9, mais aussi le centre de contr\u00f4le est inform\u00e9 en m\u00eame temps.<br \/>\nLe d\u00e9tecteur de contact sert de protection contre l\u2019effraction. Le d\u00e9tecteur de mouvement est install\u00e9 dans la maison t\u00e9moin devant la porte de la salle de bain et montre comment un appel d\u2019urgence peut \u00eatre d\u00e9clench\u00e9 lorsque le patient ne peut plus le faire lui-m\u00eame. Si la salle de bains n\u2019est pas visit\u00e9e pendant une longue p\u00e9riode, le d\u00e9tecteur de mouvement informe la central d\u2019alarme afin qu\u2019elle puisse s\u2019assurer que le r\u00e9sident soit en s\u00e9curit\u00e9 et en bonne sant\u00e9 .<\/p>\n<h3>Courir pour la sant\u00e9 et la bonne cause<\/h3>\n<p><img decoding=\"async\" class=\"alignleft size-full wp-image-9828\" src=\"https:\/\/www.telealarm.com\/wp-content\/uploads\/2018\/06\/TeleAlarm_Company_Run_2018_Team.jpg\" sizes=\"(max-width: 800px) 100vw, 800px\" alt=\"TeleAlarm Company Run 2018 Team\" width=\"400\" srcset=\"https:\/\/www.telealarm.com\/wp-content\/uploads\/2018\/06\/TeleAlarm_Company_Run_2018_Team.jpg 800w, https:\/\/www.telealarm.com\/wp-content\/uploads\/2018\/06\/TeleAlarm_Company_Run_2018_Team-600x400.jpg 600w, https:\/\/www.telealarm.com\/wp-content\/uploads\/2018\/06\/TeleAlarm_Company_Run_2018_Team-300x200.jpg 300w, https:\/\/www.telealarm.com\/wp-content\/uploads\/2018\/06\/TeleAlarm_Company_Run_2018_Team-768x512.jpg 768w\" \/>S\u2019amuser ensemble tout en faisant quelque chose pour la sant\u00e9 \u2013 c\u2019est l\u2019objectif de la course d\u2019entreprise annuelle de Leipzig. Pour la troisi\u00e8me fois, les employ\u00e9s de TeleAlarm ont pris son d\u00e9part et ont parcouru la distance de cinq kilom\u00e8tres. Non seulement les coureurs ont particip\u00e9 \u00e0 l\u2019\u00e9v\u00e9nement, mais \u00e9galement leurs coll\u00e8gues qui les ont fortement encourag\u00e9 et soutenu. Apr\u00e8s l\u2019\u00e9v\u00e9nement, il y avait encore assez de temps pour profiter ensemble du beau temps estival et pour \u00e9changer des id\u00e9es \u00e0 l\u2019ext\u00e9rieur du bureau et pour c\u00e9l\u00e9brer ensemble la c\u00e9r\u00e9monie de cl\u00f4ture de la course de l\u2019entreprise.<br \/>\nEn novembre, , la course caritative \u00ab\u00a0Laufen geht immer\u00a0\u00bb \u00e9tait \u00e9galement \u00e0 l\u2019ordre du jour , pour soutenir l\u2019association \u00ab\u00a0Elternhilfe krebskranker Kinder Leipzig e.V.\u00a0\u00bb. Sarah Piehlig du service de traitement des commandes et des retours du back office est la repr\u00e9sentante de la \u00ab\u00a0Team TeleAlarm\u00a0\u00bb pour la course de charit\u00e9 sur le parcours de 2 km. Avec 10:minutes 58 secondeselle a atteint l\u2019honorable 6\u00e8me place parmi les femmes.<br \/>\n\u00ab\u00a0Que puis-je dire ? Courir est toujours possible\u201d, dit Sarah Piehlig avec un clin d\u2019\u0153il, surtout pour une bonne cause. En tant que sportive amateure, j\u2019avais un peu peur de la course \u00e0 pied. Mais gr\u00e2ce \u00e0 l\u2019incroyable soutien de mes coll\u00e8gues et \u00e0 l\u2019excellente organisation sur place, nous \u00e9tions d\u00e9j\u00e0 totalement enthousiasm\u00e9s pendant l\u2019\u00e9chauffement.\u00a0\u00bb<br \/>\nL\u2019\u00e9v\u00e9nement a g\u00e9n\u00e9r\u00e9 un total de 5 500 euros de dons.<\/p>\n<h3>Autres salons Zorg &amp; ICT, TSA Conference et Verklizan Innovation Day<\/h3>\n<p>Outre le salon Pflegemesse \u00e0 Dresde, TeleAlarm \u00e9tait \u00e9galement pr\u00e9sent sur d\u2019autres salons durant cette ann\u00e9e 2018. L\u2019entreprise s\u2019est pr\u00e9sent\u00e9e au salon professionnel Zorg &amp; ICT \u00e0 Utrechat, aux Pays-Bas, \u00e0 la conf\u00e9rence internationale annuelle Technology Enabled Care (TSA) \u00e0 Birmingham et au Verklizan Innovation Day 2018 \u00e0 Essen.<br \/>\nL\u2019\u00e9quipe a pr\u00e9sent\u00e9 ses gammes de produits et ses innovations lors de ces \u00e9v\u00e9nements.[\/vc_column_text][\/vc_column][\/vc_row]<\/p>\n<\/section>","protected":false},"excerpt":{"rendered":"<p>[vc_row][vc_column][vc_column_text css=&#8221;&#8221;]Une ann\u00e9e couronn\u00e9e de succ\u00e8s avec de nombreux \u00e9v\u00e9nements et exp\u00e9riences touche \u00e0 sa fin. Cette ann\u00e9e encore, TeleAlarm Europe revient sur de nombreux lancements de produits, salons et \u00e9v\u00e9nements. Avant que l\u2019\u00e9quipe ne commence la nouvelle ann\u00e9e avec beaucoup d\u2019\u00e9nergie et de motivation, TeleAlarm fait le point sur les \u00e9v\u00e9nements les plus importants&hellip;<\/p>\n","protected":false},"author":5,"featured_media":12553,"comment_status":"closed","ping_status":"closed","sticky":false,"template":"","format":"standard","meta":{"_monsterinsights_skip_tracking":false,"_monsterinsights_sitenote_active":false,"_monsterinsights_sitenote_note":"","_monsterinsights_sitenote_category":0,"footnotes":""},"categories":["86","95","96","98","196","243","244","245","246","247","248","250","290","295","296","297","298","299","300","301","302","303","304","305","306","307","308","309","310","311","312","313","314","315","316","317","318","319","320","321","322","323","324","325","437","464"],"tags":[],"class_list":{"0":"post-56532","1":"post","2":"type-post","3":"status-publish","4":"format-standard","5":"has-post-thumbnail","6":"hentry","7":"category-lms-fr","8":"category-uncategorized-fr","12":"category-hausnotruf-fr","13":"category-nurse-call-fr","20":"category-evenement-fr","25":"category-uncategorized-en","27":"category-le-saviez-vous","28":"category-produits-et-technologie","29":"category-foires-et-manifestations","30":"category-actualites-autour-de-telealarm","31":"category-nouvelles-du-secteur","32":"category-rapport-dexperiences-et-interviews","52":"category-karriere","53":"category-296","54":"category-98","58":"category-301","59":"category-250","66":"category-295","71":"category-300","73":"category-314","74":"category-319","75":"category-318","76":"category-317","77":"category-316","78":"category-315","98":"category-464","99":"description-off"},"yoast_head":"<!-- This site is optimized with the Yoast SEO plugin v20.2.1 - https:\/\/yoast.com\/wordpress\/plugins\/seo\/ -->\n<title>Une ann\u00e9e 2018 riche en \u00e9v\u00e9nements et un d\u00e9marrage r\u00e9ussi pour TeleAlarm<\/title>\n<meta name=\"description\" content=\"Une ann\u00e9e couronn\u00e9e de succ\u00e8s avec de nombreux \u00e9v\u00e9nements et exp\u00e9riences touche \u00e0 sa fin. Cette ann\u00e9e encore, TeleAlarm Europe revient sur de nombreux\" \/>\n<meta name=\"robots\" content=\"index, follow, max-snippet:-1, max-image-preview:large, max-video-preview:-1\" \/>\n<link rel=\"canonical\" href=\"https:\/\/www.telealarm.com\/fr\/une-annee-2018-riche-en-evenements-et-un-demarrage-reussi-pour-telealarm\/\" \/>\n<meta property=\"og:locale\" content=\"fr_FR\" \/>\n<meta property=\"og:type\" content=\"article\" \/>\n<meta property=\"og:title\" content=\"Une ann\u00e9e 2018 riche en \u00e9v\u00e9nements et un d\u00e9marrage r\u00e9ussi pour TeleAlarm\" \/>\n<meta property=\"og:description\" content=\"Une ann\u00e9e couronn\u00e9e de succ\u00e8s avec de nombreux \u00e9v\u00e9nements et exp\u00e9riences touche \u00e0 sa fin. Cette ann\u00e9e encore, TeleAlarm Europe revient sur de nombreux\" \/>\n<meta property=\"og:url\" content=\"https:\/\/www.telealarm.com\/fr\/une-annee-2018-riche-en-evenements-et-un-demarrage-reussi-pour-telealarm\/\" \/>\n<meta property=\"og:site_name\" content=\"TeleAlarm\" \/>\n<meta property=\"article:published_time\" content=\"2018-12-20T20:44:35+00:00\" \/>\n<meta property=\"article:modified_time\" content=\"2024-10-09T07:55:09+00:00\" \/>\n<meta property=\"og:image\" content=\"https:\/\/www.telealarm.com\/wp-content\/uploads\/telealarm_rueckblick_2018.jpg\" \/>\n\t<meta property=\"og:image:width\" content=\"584\" \/>\n\t<meta property=\"og:image:height\" content=\"389\" \/>\n\t<meta property=\"og:image:type\" content=\"image\/jpeg\" \/>\n<meta name=\"author\" content=\"TeleAlarm Europe\" \/>\n<meta name=\"twitter:card\" content=\"summary_large_image\" \/>\n<meta name=\"twitter:label1\" content=\"\u00c9crit par\" \/>\n\t<meta name=\"twitter:data1\" content=\"TeleAlarm Europe\" \/>\n\t<meta name=\"twitter:label2\" content=\"Dur\u00e9e de lecture estim\u00e9e\" \/>\n\t<meta name=\"twitter:data2\" content=\"9 minutes\" \/>\n<script type=\"application\/ld+json\" class=\"yoast-schema-graph\">{\"@context\":\"https:\/\/schema.org\",\"@graph\":[{\"@type\":\"WebPage\",\"@id\":\"https:\/\/www.telealarm.com\/fr\/une-annee-2018-riche-en-evenements-et-un-demarrage-reussi-pour-telealarm\/\",\"url\":\"https:\/\/www.telealarm.com\/fr\/une-annee-2018-riche-en-evenements-et-un-demarrage-reussi-pour-telealarm\/\",\"name\":\"Une ann\u00e9e 2018 riche en \u00e9v\u00e9nements et un d\u00e9marrage r\u00e9ussi pour TeleAlarm\",\"isPartOf\":{\"@id\":\"https:\/\/www.telealarm.com\/#website\"},\"datePublished\":\"2018-12-20T20:44:35+00:00\",\"dateModified\":\"2024-10-09T07:55:09+00:00\",\"author\":{\"@id\":\"https:\/\/www.telealarm.com\/#\/schema\/person\/449af97f790e4b74bf256284116b3479\"},\"description\":\"Une ann\u00e9e couronn\u00e9e de succ\u00e8s avec de nombreux \u00e9v\u00e9nements et exp\u00e9riences touche \u00e0 sa fin. Cette ann\u00e9e encore, TeleAlarm Europe revient sur de nombreux\",\"breadcrumb\":{\"@id\":\"https:\/\/www.telealarm.com\/fr\/une-annee-2018-riche-en-evenements-et-un-demarrage-reussi-pour-telealarm\/#breadcrumb\"},\"inLanguage\":\"fr-FR\",\"potentialAction\":[{\"@type\":\"ReadAction\",\"target\":[\"https:\/\/www.telealarm.com\/fr\/une-annee-2018-riche-en-evenements-et-un-demarrage-reussi-pour-telealarm\/\"]}]},{\"@type\":\"BreadcrumbList\",\"@id\":\"https:\/\/www.telealarm.com\/fr\/une-annee-2018-riche-en-evenements-et-un-demarrage-reussi-pour-telealarm\/#breadcrumb\",\"itemListElement\":[{\"@type\":\"ListItem\",\"position\":1,\"name\":\"Startseite\",\"item\":\"https:\/\/www.telealarm.com\/fr\/\"},{\"@type\":\"ListItem\",\"position\":2,\"name\":\"Une ann\u00e9e 2018 riche en \u00e9v\u00e9nements et un d\u00e9marrage r\u00e9ussi pour TeleAlarm\"}]},{\"@type\":\"WebSite\",\"@id\":\"https:\/\/www.telealarm.com\/#website\",\"url\":\"https:\/\/www.telealarm.com\/\",\"name\":\"TeleAlarm\",\"description\":\"Swiss Design\",\"potentialAction\":[{\"@type\":\"SearchAction\",\"target\":{\"@type\":\"EntryPoint\",\"urlTemplate\":\"https:\/\/www.telealarm.com\/?s={search_term_string}\"},\"query-input\":\"required name=search_term_string\"}],\"inLanguage\":\"fr-FR\"},{\"@type\":\"Person\",\"@id\":\"https:\/\/www.telealarm.com\/#\/schema\/person\/449af97f790e4b74bf256284116b3479\",\"name\":\"TeleAlarm Europe\",\"image\":{\"@type\":\"ImageObject\",\"inLanguage\":\"fr-FR\",\"@id\":\"https:\/\/www.telealarm.com\/#\/schema\/person\/image\/\",\"url\":\"https:\/\/secure.gravatar.com\/avatar\/d4dd0e8d6e09faf4b909a3914ab8a2401cb58ea42b3e1b7bbef298a1f5083c2f?s=96&d=mm&r=g\",\"contentUrl\":\"https:\/\/secure.gravatar.com\/avatar\/d4dd0e8d6e09faf4b909a3914ab8a2401cb58ea42b3e1b7bbef298a1f5083c2f?s=96&d=mm&r=g\",\"caption\":\"TeleAlarm Europe\"}}]}<\/script>\n<!-- \/ Yoast SEO plugin. -->","yoast_head_json":{"title":"Une ann\u00e9e 2018 riche en \u00e9v\u00e9nements et un d\u00e9marrage r\u00e9ussi pour TeleAlarm","description":"Une ann\u00e9e couronn\u00e9e de succ\u00e8s avec de nombreux \u00e9v\u00e9nements et exp\u00e9riences touche \u00e0 sa fin. Cette ann\u00e9e encore, TeleAlarm Europe revient sur de nombreux","robots":{"index":"index","follow":"follow","max-snippet":"max-snippet:-1","max-image-preview":"max-image-preview:large","max-video-preview":"max-video-preview:-1"},"canonical":"https:\/\/www.telealarm.com\/fr\/une-annee-2018-riche-en-evenements-et-un-demarrage-reussi-pour-telealarm\/","og_locale":"fr_FR","og_type":"article","og_title":"Une ann\u00e9e 2018 riche en \u00e9v\u00e9nements et un d\u00e9marrage r\u00e9ussi pour TeleAlarm","og_description":"Une ann\u00e9e couronn\u00e9e de succ\u00e8s avec de nombreux \u00e9v\u00e9nements et exp\u00e9riences touche \u00e0 sa fin. Cette ann\u00e9e encore, TeleAlarm Europe revient sur de nombreux","og_url":"https:\/\/www.telealarm.com\/fr\/une-annee-2018-riche-en-evenements-et-un-demarrage-reussi-pour-telealarm\/","og_site_name":"TeleAlarm","article_published_time":"2018-12-20T20:44:35+00:00","article_modified_time":"2024-10-09T07:55:09+00:00","og_image":[{"width":584,"height":389,"url":"https:\/\/www.telealarm.com\/wp-content\/uploads\/telealarm_rueckblick_2018.jpg","type":"image\/jpeg"}],"author":"TeleAlarm Europe","twitter_card":"summary_large_image","twitter_misc":{"\u00c9crit par":"TeleAlarm Europe","Dur\u00e9e de lecture estim\u00e9e":"9 minutes"},"schema":{"@context":"https:\/\/schema.org","@graph":[{"@type":"WebPage","@id":"https:\/\/www.telealarm.com\/fr\/une-annee-2018-riche-en-evenements-et-un-demarrage-reussi-pour-telealarm\/","url":"https:\/\/www.telealarm.com\/fr\/une-annee-2018-riche-en-evenements-et-un-demarrage-reussi-pour-telealarm\/","name":"Une ann\u00e9e 2018 riche en \u00e9v\u00e9nements et un d\u00e9marrage r\u00e9ussi pour TeleAlarm","isPartOf":{"@id":"https:\/\/www.telealarm.com\/#website"},"datePublished":"2018-12-20T20:44:35+00:00","dateModified":"2024-10-09T07:55:09+00:00","author":{"@id":"https:\/\/www.telealarm.com\/#\/schema\/person\/449af97f790e4b74bf256284116b3479"},"description":"Une ann\u00e9e couronn\u00e9e de succ\u00e8s avec de nombreux \u00e9v\u00e9nements et exp\u00e9riences touche \u00e0 sa fin. Cette ann\u00e9e encore, TeleAlarm Europe revient sur de nombreux","breadcrumb":{"@id":"https:\/\/www.telealarm.com\/fr\/une-annee-2018-riche-en-evenements-et-un-demarrage-reussi-pour-telealarm\/#breadcrumb"},"inLanguage":"fr-FR","potentialAction":[{"@type":"ReadAction","target":["https:\/\/www.telealarm.com\/fr\/une-annee-2018-riche-en-evenements-et-un-demarrage-reussi-pour-telealarm\/"]}]},{"@type":"BreadcrumbList","@id":"https:\/\/www.telealarm.com\/fr\/une-annee-2018-riche-en-evenements-et-un-demarrage-reussi-pour-telealarm\/#breadcrumb","itemListElement":[{"@type":"ListItem","position":1,"name":"Startseite","item":"https:\/\/www.telealarm.com\/fr\/"},{"@type":"ListItem","position":2,"name":"Une ann\u00e9e 2018 riche en \u00e9v\u00e9nements et un d\u00e9marrage r\u00e9ussi pour TeleAlarm"}]},{"@type":"WebSite","@id":"https:\/\/www.telealarm.com\/#website","url":"https:\/\/www.telealarm.com\/","name":"TeleAlarm","description":"Swiss Design","potentialAction":[{"@type":"SearchAction","target":{"@type":"EntryPoint","urlTemplate":"https:\/\/www.telealarm.com\/?s={search_term_string}"},"query-input":"required name=search_term_string"}],"inLanguage":"fr-FR"},{"@type":"Person","@id":"https:\/\/www.telealarm.com\/#\/schema\/person\/449af97f790e4b74bf256284116b3479","name":"TeleAlarm Europe","image":{"@type":"ImageObject","inLanguage":"fr-FR","@id":"https:\/\/www.telealarm.com\/#\/schema\/person\/image\/","url":"https:\/\/secure.gravatar.com\/avatar\/d4dd0e8d6e09faf4b909a3914ab8a2401cb58ea42b3e1b7bbef298a1f5083c2f?s=96&d=mm&r=g","contentUrl":"https:\/\/secure.gravatar.com\/avatar\/d4dd0e8d6e09faf4b909a3914ab8a2401cb58ea42b3e1b7bbef298a1f5083c2f?s=96&d=mm&r=g","caption":"TeleAlarm Europe"}}]}},"_links":{"self":[{"href":"https:\/\/www.telealarm.com\/fr\/wp-json\/wp\/v2\/posts\/56532\/"}],"collection":[{"href":"https:\/\/www.telealarm.com\/fr\/wp-json\/wp\/v2\/posts\/"}],"about":[{"href":"https:\/\/www.telealarm.com\/fr\/wp-json\/wp\/v2\/types\/post\/"}],"author":[{"embeddable":true,"href":"https:\/\/www.telealarm.com\/fr\/wp-json\/wp\/v2\/users\/5\/"}],"replies":[{"embeddable":true,"href":"https:\/\/www.telealarm.com\/fr\/wp-json\/wp\/v2\/comments\/?post=56532"}],"version-history":[{"count":9,"href":"https:\/\/www.telealarm.com\/fr\/wp-json\/wp\/v2\/posts\/56532\/revisions\/"}],"predecessor-version":[{"id":65832,"href":"https:\/\/www.telealarm.com\/fr\/wp-json\/wp\/v2\/posts\/56532\/revisions\/65832\/"}],"wp:featuredmedia":[{"embeddable":true,"href":"https:\/\/www.telealarm.com\/fr\/wp-json\/wp\/v2\/media\/12553\/"}],"wp:attachment":[{"href":"https:\/\/www.telealarm.com\/fr\/wp-json\/wp\/v2\/media\/?parent=56532"}],"wp:term":[{"taxonomy":"category","embeddable":true,"href":"https:\/\/www.telealarm.com\/fr\/wp-json\/wp\/v2\/categories\/?post=56532"},{"taxonomy":"post_tag","embeddable":true,"href":"https:\/\/www.telealarm.com\/fr\/wp-json\/wp\/v2\/tags\/?post=56532"}],"curies":[{"name":"wp","href":"https:\/\/api.w.org\/{rel}","templated":true}]}}