{"id":56526,"date":"2018-12-17T21:40:04","date_gmt":"2018-12-17T20:40:04","guid":{"rendered":"https:\/\/www.telealarm.com\/erreichbarkeit-zwischen-den-feiertagen-2\/"},"modified":"2020-09-30T20:56:20","modified_gmt":"2020-09-30T18:56:20","slug":"disponibilite-durant-les-fetes-de-fin-dannee","status":"publish","type":"post","link":"https:\/\/www.telealarm.com\/fr\/disponibilite-durant-les-fetes-de-fin-dannee\/","title":{"rendered":"Disponibilit\u00e9 durant les f\u00eates de fin d\u2019ann\u00e9e"},"content":{"rendered":"<div class=\"entry-excerpt unit-test clearfix\">\n<p>No\u00ebl n\u2019est que dans quelques jours \u2013 c\u2019est merveilleux ! Apr\u00e8s toute l\u2019agitation de la p\u00e9riode d\u2019avant No\u00ebl, il est temps de penser \u00e0 la famille, pour offrir et recevoir des cadeaux, pour se r\u00e9galer, se d\u00e9tendre, etc\u2026.<\/p>\n<p>TeleAlarm vous souhaite, \u00e0 vous et \u00e0 vos proches, une p\u00e9riode agr\u00e9able et propice \u00e0 la r\u00e9flexion pour cette p\u00e9riode sp\u00e9ciale de l\u2019ann\u00e9e \u2013 et un bon d\u00e9but d\u2019ann\u00e9e!<br \/>\nDans cet esprit, vous devez \u00e9galement \u00eatre entre de bonnes mains avec TeleAlarm pendant les vacances ainsi que le reste de l\u2019ann\u00e9e. C\u2019est pourquoi nous vous offrons le service client\u00e8le habituel entre No\u00ebl et le Nouvel An.<\/p>\n<h2>Nous sommes l\u00e0 pour vous<\/h2>\n<p>Cette ann\u00e9e encore, notre bureau \u00e0 Leipzig est disponible les 27. et 28.12.2018 pour vous. Vous pouvez <strong>nous joindre de 08:30 \u00e0 16:00 par t\u00e9l\u00e9phone au +49 341 271 57 80 ou par e-mail \u00e0 <a href=\"mailto:orders@telealarm.com\" target=\"_blank\" rel=\"noopener noreferrer\">orders@telealarm.com<\/a><\/strong> De cette fa\u00e7on, vos demandes nous parviennent rapidement et simplement. En cas d\u2019urgence, il est \u00e9galement possible de joindre le service commercial pendant ces p\u00e9riodes. Nous sommes ferm\u00e9s les 24. et 31.12.2018.<\/p>\n<h2>Les commandes de produits ne posent \u00e9galement aucun probl\u00e8me<\/h2>\n<p>Souhaitez-vous commander un produit durant ces f\u00eates de fin d\u2019ann\u00e9e ? Nos envois se feront \u00e9galement pour vous les 27 et 28.12.2018.Toutefois, si vous avez encore besoin de vos marchandises cette ann\u00e9e, vous devez les commander<strong> avant le 18.12.2018.<\/strong><\/p>\n<h2>Joyeux No\u00ebl et bonne ann\u00e9e !<\/h2>\n<p>TeleAlarm est actif tout au long de l\u2019ann\u00e9e pour donner aux gens \u2013 jeunes et moins jeunes \u2013 plus de s\u00e9curit\u00e9 dans la vie quotidienne. N\u2019h\u00e9sitez donc pas \u00e0 nous contacter tout au long de l\u2019ann\u00e9e si vous avez des questions ou des probl\u00e8mes. Nous trouverons une solution ensemble.<\/p>\n<p><strong>Nous vous souhaitons un Joyeux No\u00ebl et un bon d\u00e9part en 2019.<\/strong><br \/>\n<strong>Votre \u00e9quipe de TeleAlarm Europe GmbH et TeleAlarm SA<\/strong><\/p>\n<\/div>\n","protected":false},"excerpt":{"rendered":"<p>No\u00ebl n\u2019est que dans quelques jours \u2013 c\u2019est merveilleux ! Apr\u00e8s toute l\u2019agitation de la p\u00e9riode d\u2019avant No\u00ebl, il est temps de penser \u00e0 la famille, pour offrir et recevoir des cadeaux, pour se r\u00e9galer, se d\u00e9tendre, etc\u2026. TeleAlarm vous souhaite, \u00e0 vous et \u00e0 vos proches, une p\u00e9riode agr\u00e9able et propice \u00e0 la r\u00e9flexion&hellip;<\/p>\n","protected":false},"author":5,"featured_media":12376,"comment_status":"closed","ping_status":"closed","sticky":false,"template":"","format":"standard","meta":{"_monsterinsights_skip_tracking":false,"_monsterinsights_sitenote_active":false,"_monsterinsights_sitenote_note":"","_monsterinsights_sitenote_category":0,"footnotes":""},"categories":["86","95","96","98","196","243","244","245","246","247","248","250","290","295","296","297","298","299","300","301","302","303","304","305","306","307","308","309","310","311","312","313","314","315","316","317","318","319","320","321","322","323","324","325","437","464"],"tags":[],"class_list":{"0":"post-56526","1":"post","2":"type-post","3":"status-publish","4":"format-standard","5":"has-post-thumbnail","6":"hentry","7":"category-lms-fr","8":"category-uncategorized-fr","12":"category-hausnotruf-fr","13":"category-nurse-call-fr","20":"category-evenement-fr","25":"category-uncategorized-en","27":"category-le-saviez-vous","28":"category-produits-et-technologie","29":"category-foires-et-manifestations","30":"category-actualites-autour-de-telealarm","31":"category-nouvelles-du-secteur","32":"category-rapport-dexperiences-et-interviews","52":"category-karriere","53":"category-296","54":"category-98","58":"category-301","59":"category-250","66":"category-295","71":"category-300","73":"category-314","74":"category-319","75":"category-318","76":"category-317","77":"category-316","78":"category-315","98":"category-464","99":"description-off"},"yoast_head":"<!-- This site is optimized with the Yoast SEO plugin v20.2.1 - https:\/\/yoast.com\/wordpress\/plugins\/seo\/ -->\n<title>Disponibilit\u00e9 durant les f\u00eates de fin d\u2019ann\u00e9e<\/title>\n<meta name=\"description\" content=\"No\u00ebl n\u2019est que dans quelques jours \u2013 c\u2019est merveilleux ! Apr\u00e8s toute l\u2019agitation de la p\u00e9riode d\u2019avant No\u00ebl, il est temps de penser \u00e0 la famille, pour\" \/>\n<meta name=\"robots\" content=\"index, follow, max-snippet:-1, max-image-preview:large, max-video-preview:-1\" \/>\n<link rel=\"canonical\" href=\"https:\/\/www.telealarm.com\/fr\/disponibilite-durant-les-fetes-de-fin-dannee\/\" \/>\n<meta property=\"og:locale\" content=\"fr_FR\" \/>\n<meta property=\"og:type\" content=\"article\" \/>\n<meta property=\"og:title\" content=\"Disponibilit\u00e9 durant les f\u00eates de fin d\u2019ann\u00e9e\" \/>\n<meta property=\"og:description\" content=\"No\u00ebl n\u2019est que dans quelques jours \u2013 c\u2019est merveilleux ! Apr\u00e8s toute l\u2019agitation de la p\u00e9riode d\u2019avant No\u00ebl, il est temps de penser \u00e0 la famille, pour\" \/>\n<meta property=\"og:url\" content=\"https:\/\/www.telealarm.com\/fr\/disponibilite-durant-les-fetes-de-fin-dannee\/\" \/>\n<meta property=\"og:site_name\" content=\"TeleAlarm\" \/>\n<meta property=\"article:published_time\" content=\"2018-12-17T20:40:04+00:00\" \/>\n<meta property=\"article:modified_time\" content=\"2020-09-30T18:56:20+00:00\" \/>\n<meta property=\"og:image\" content=\"https:\/\/www.telealarm.com\/wp-content\/uploads\/Erreichbarkeit-zwischen-den-Feiertagen.jpg\" \/>\n\t<meta property=\"og:image:width\" content=\"760\" \/>\n\t<meta property=\"og:image:height\" content=\"460\" \/>\n\t<meta property=\"og:image:type\" content=\"image\/jpeg\" \/>\n<meta name=\"author\" content=\"TeleAlarm Europe\" \/>\n<meta name=\"twitter:card\" content=\"summary_large_image\" \/>\n<meta name=\"twitter:label1\" content=\"\u00c9crit par\" \/>\n\t<meta name=\"twitter:data1\" content=\"TeleAlarm Europe\" \/>\n\t<meta name=\"twitter:label2\" content=\"Dur\u00e9e de lecture estim\u00e9e\" \/>\n\t<meta name=\"twitter:data2\" content=\"2 minutes\" \/>\n<script type=\"application\/ld+json\" class=\"yoast-schema-graph\">{\"@context\":\"https:\/\/schema.org\",\"@graph\":[{\"@type\":\"WebPage\",\"@id\":\"https:\/\/www.telealarm.com\/fr\/disponibilite-durant-les-fetes-de-fin-dannee\/\",\"url\":\"https:\/\/www.telealarm.com\/fr\/disponibilite-durant-les-fetes-de-fin-dannee\/\",\"name\":\"Disponibilit\u00e9 durant les f\u00eates de fin d\u2019ann\u00e9e\",\"isPartOf\":{\"@id\":\"https:\/\/www.telealarm.com\/#website\"},\"datePublished\":\"2018-12-17T20:40:04+00:00\",\"dateModified\":\"2020-09-30T18:56:20+00:00\",\"author\":{\"@id\":\"https:\/\/www.telealarm.com\/#\/schema\/person\/449af97f790e4b74bf256284116b3479\"},\"description\":\"No\u00ebl n\u2019est que dans quelques jours \u2013 c\u2019est merveilleux ! Apr\u00e8s toute l\u2019agitation de la p\u00e9riode d\u2019avant No\u00ebl, il est temps de penser \u00e0 la famille, pour\",\"breadcrumb\":{\"@id\":\"https:\/\/www.telealarm.com\/fr\/disponibilite-durant-les-fetes-de-fin-dannee\/#breadcrumb\"},\"inLanguage\":\"fr-FR\",\"potentialAction\":[{\"@type\":\"ReadAction\",\"target\":[\"https:\/\/www.telealarm.com\/fr\/disponibilite-durant-les-fetes-de-fin-dannee\/\"]}]},{\"@type\":\"BreadcrumbList\",\"@id\":\"https:\/\/www.telealarm.com\/fr\/disponibilite-durant-les-fetes-de-fin-dannee\/#breadcrumb\",\"itemListElement\":[{\"@type\":\"ListItem\",\"position\":1,\"name\":\"Startseite\",\"item\":\"https:\/\/www.telealarm.com\/fr\/\"},{\"@type\":\"ListItem\",\"position\":2,\"name\":\"Disponibilit\u00e9 durant les f\u00eates de fin d\u2019ann\u00e9e\"}]},{\"@type\":\"WebSite\",\"@id\":\"https:\/\/www.telealarm.com\/#website\",\"url\":\"https:\/\/www.telealarm.com\/\",\"name\":\"TeleAlarm\",\"description\":\"Swiss Design\",\"potentialAction\":[{\"@type\":\"SearchAction\",\"target\":{\"@type\":\"EntryPoint\",\"urlTemplate\":\"https:\/\/www.telealarm.com\/?s={search_term_string}\"},\"query-input\":\"required name=search_term_string\"}],\"inLanguage\":\"fr-FR\"},{\"@type\":\"Person\",\"@id\":\"https:\/\/www.telealarm.com\/#\/schema\/person\/449af97f790e4b74bf256284116b3479\",\"name\":\"TeleAlarm Europe\",\"image\":{\"@type\":\"ImageObject\",\"inLanguage\":\"fr-FR\",\"@id\":\"https:\/\/www.telealarm.com\/#\/schema\/person\/image\/\",\"url\":\"https:\/\/secure.gravatar.com\/avatar\/d4dd0e8d6e09faf4b909a3914ab8a2401cb58ea42b3e1b7bbef298a1f5083c2f?s=96&d=mm&r=g\",\"contentUrl\":\"https:\/\/secure.gravatar.com\/avatar\/d4dd0e8d6e09faf4b909a3914ab8a2401cb58ea42b3e1b7bbef298a1f5083c2f?s=96&d=mm&r=g\",\"caption\":\"TeleAlarm Europe\"}}]}<\/script>\n<!-- \/ Yoast SEO plugin. -->","yoast_head_json":{"title":"Disponibilit\u00e9 durant les f\u00eates de fin d\u2019ann\u00e9e","description":"No\u00ebl n\u2019est que dans quelques jours \u2013 c\u2019est merveilleux ! Apr\u00e8s toute l\u2019agitation de la p\u00e9riode d\u2019avant No\u00ebl, il est temps de penser \u00e0 la famille, pour","robots":{"index":"index","follow":"follow","max-snippet":"max-snippet:-1","max-image-preview":"max-image-preview:large","max-video-preview":"max-video-preview:-1"},"canonical":"https:\/\/www.telealarm.com\/fr\/disponibilite-durant-les-fetes-de-fin-dannee\/","og_locale":"fr_FR","og_type":"article","og_title":"Disponibilit\u00e9 durant les f\u00eates de fin d\u2019ann\u00e9e","og_description":"No\u00ebl n\u2019est que dans quelques jours \u2013 c\u2019est merveilleux ! Apr\u00e8s toute l\u2019agitation de la p\u00e9riode d\u2019avant No\u00ebl, il est temps de penser \u00e0 la famille, pour","og_url":"https:\/\/www.telealarm.com\/fr\/disponibilite-durant-les-fetes-de-fin-dannee\/","og_site_name":"TeleAlarm","article_published_time":"2018-12-17T20:40:04+00:00","article_modified_time":"2020-09-30T18:56:20+00:00","og_image":[{"width":760,"height":460,"url":"https:\/\/www.telealarm.com\/wp-content\/uploads\/Erreichbarkeit-zwischen-den-Feiertagen.jpg","type":"image\/jpeg"}],"author":"TeleAlarm Europe","twitter_card":"summary_large_image","twitter_misc":{"\u00c9crit par":"TeleAlarm Europe","Dur\u00e9e de lecture estim\u00e9e":"2 minutes"},"schema":{"@context":"https:\/\/schema.org","@graph":[{"@type":"WebPage","@id":"https:\/\/www.telealarm.com\/fr\/disponibilite-durant-les-fetes-de-fin-dannee\/","url":"https:\/\/www.telealarm.com\/fr\/disponibilite-durant-les-fetes-de-fin-dannee\/","name":"Disponibilit\u00e9 durant les f\u00eates de fin d\u2019ann\u00e9e","isPartOf":{"@id":"https:\/\/www.telealarm.com\/#website"},"datePublished":"2018-12-17T20:40:04+00:00","dateModified":"2020-09-30T18:56:20+00:00","author":{"@id":"https:\/\/www.telealarm.com\/#\/schema\/person\/449af97f790e4b74bf256284116b3479"},"description":"No\u00ebl n\u2019est que dans quelques jours \u2013 c\u2019est merveilleux ! Apr\u00e8s toute l\u2019agitation de la p\u00e9riode d\u2019avant No\u00ebl, il est temps de penser \u00e0 la famille, pour","breadcrumb":{"@id":"https:\/\/www.telealarm.com\/fr\/disponibilite-durant-les-fetes-de-fin-dannee\/#breadcrumb"},"inLanguage":"fr-FR","potentialAction":[{"@type":"ReadAction","target":["https:\/\/www.telealarm.com\/fr\/disponibilite-durant-les-fetes-de-fin-dannee\/"]}]},{"@type":"BreadcrumbList","@id":"https:\/\/www.telealarm.com\/fr\/disponibilite-durant-les-fetes-de-fin-dannee\/#breadcrumb","itemListElement":[{"@type":"ListItem","position":1,"name":"Startseite","item":"https:\/\/www.telealarm.com\/fr\/"},{"@type":"ListItem","position":2,"name":"Disponibilit\u00e9 durant les f\u00eates de fin d\u2019ann\u00e9e"}]},{"@type":"WebSite","@id":"https:\/\/www.telealarm.com\/#website","url":"https:\/\/www.telealarm.com\/","name":"TeleAlarm","description":"Swiss Design","potentialAction":[{"@type":"SearchAction","target":{"@type":"EntryPoint","urlTemplate":"https:\/\/www.telealarm.com\/?s={search_term_string}"},"query-input":"required name=search_term_string"}],"inLanguage":"fr-FR"},{"@type":"Person","@id":"https:\/\/www.telealarm.com\/#\/schema\/person\/449af97f790e4b74bf256284116b3479","name":"TeleAlarm Europe","image":{"@type":"ImageObject","inLanguage":"fr-FR","@id":"https:\/\/www.telealarm.com\/#\/schema\/person\/image\/","url":"https:\/\/secure.gravatar.com\/avatar\/d4dd0e8d6e09faf4b909a3914ab8a2401cb58ea42b3e1b7bbef298a1f5083c2f?s=96&d=mm&r=g","contentUrl":"https:\/\/secure.gravatar.com\/avatar\/d4dd0e8d6e09faf4b909a3914ab8a2401cb58ea42b3e1b7bbef298a1f5083c2f?s=96&d=mm&r=g","caption":"TeleAlarm Europe"}}]}},"_links":{"self":[{"href":"https:\/\/www.telealarm.com\/fr\/wp-json\/wp\/v2\/posts\/56526\/"}],"collection":[{"href":"https:\/\/www.telealarm.com\/fr\/wp-json\/wp\/v2\/posts\/"}],"about":[{"href":"https:\/\/www.telealarm.com\/fr\/wp-json\/wp\/v2\/types\/post\/"}],"author":[{"embeddable":true,"href":"https:\/\/www.telealarm.com\/fr\/wp-json\/wp\/v2\/users\/5\/"}],"replies":[{"embeddable":true,"href":"https:\/\/www.telealarm.com\/fr\/wp-json\/wp\/v2\/comments\/?post=56526"}],"version-history":[{"count":1,"href":"https:\/\/www.telealarm.com\/fr\/wp-json\/wp\/v2\/posts\/56526\/revisions\/"}],"predecessor-version":[{"id":56529,"href":"https:\/\/www.telealarm.com\/fr\/wp-json\/wp\/v2\/posts\/56526\/revisions\/56529\/"}],"wp:featuredmedia":[{"embeddable":true,"href":"https:\/\/www.telealarm.com\/fr\/wp-json\/wp\/v2\/media\/12376\/"}],"wp:attachment":[{"href":"https:\/\/www.telealarm.com\/fr\/wp-json\/wp\/v2\/media\/?parent=56526"}],"wp:term":[{"taxonomy":"category","embeddable":true,"href":"https:\/\/www.telealarm.com\/fr\/wp-json\/wp\/v2\/categories\/?post=56526"},{"taxonomy":"post_tag","embeddable":true,"href":"https:\/\/www.telealarm.com\/fr\/wp-json\/wp\/v2\/tags\/?post=56526"}],"curies":[{"name":"wp","href":"https:\/\/api.w.org\/{rel}","templated":true}]}}