{"id":56278,"date":"2016-11-23T10:25:02","date_gmt":"2016-11-23T09:25:02","guid":{"rendered":"https:\/\/www.telealarm.com\/success-story-nursecall-wohn-und-pflegezentrum-wiborada-schweiz\/"},"modified":"2020-09-30T10:49:22","modified_gmt":"2020-09-30T08:49:22","slug":"exemple-dapplication-de-nursecall-wohn-und-pflegezentrum-wiborada-schweiz","status":"publish","type":"post","link":"https:\/\/www.telealarm.com\/fr\/exemple-dapplication-de-nursecall-wohn-und-pflegezentrum-wiborada-schweiz\/","title":{"rendered":"Exemple d\u2018application de NurseCall \u2013 Wohn- und Pflegezentrum Wiborada, Schweiz"},"content":{"rendered":"<p><em><strong>Prise en compte de l\u2018aspect m\u00e9dical.<\/strong> Vieille de plus de 50 ans, la maison de retraite m\u00e9dicalis\u00e9e Wiborada, du nom de la sainte canonis\u00e9e en 1047, a \u00e9t\u00e9 totalement r\u00e9nov\u00e9e de 2012 \u00e0 2015. A cet effet, le syst\u00e8me d\u2019appel \u00e0 l\u2019aide aux infirmi\u00e8res a \u00e9t\u00e9 confi\u00e9 \u00e0 la Soci\u00e9t\u00e9 TeleAlarm.<\/em><\/p>\n<p><img loading=\"lazy\" decoding=\"async\" class=\"alignright wp-image-10429 size-medium\" src=\"https:\/\/www.telealarm.com\/wp-content\/uploads\/Wohn-und-Pflegezentrum-Wiborada-Schweiz-Historie-e1533027076750.jpg\" alt=\"D\u00e8s 1958, les soeurs...\" width=\"300\" height=\"195\" \/>D\u00e8s 1958, les soeurs de la communaut\u00e9 apostolique Pallotine \u00e9rigent \u00e0 cet endroit une maison de retraite pour femmes qui, \u00e0 l\u2018issue d\u2018une p\u00e9riode de bouleversements mouvement\u00e9e, devient une fondation en 2011. La reconstruction pouvait commencer. Aujourd\u2018hui, cette maison de retraite\u00a0 m\u00e9dicalis\u00e9e conviviale et accueillante propose plus de 55 chambres, dont quelques-unes sont doubles. Elle comprend \u00e9galement un service psychiatrique ferm\u00e9 avec son propre jardin et de nombreuses installations modernes, parmi lesquelles un espace snoezelen, aux vertus apaisantes. Wiborada emploie actuellement 75 personnes.<\/p>\n<p><img loading=\"lazy\" decoding=\"async\" class=\"alignleft wp-image-10430 size-medium\" src=\"https:\/\/www.telealarm.com\/wp-content\/uploads\/Wohn-und-Pflegezentrum-Wiborada-Schweiz-Miteinander-e1533027242750.jpg\" alt=\"TeleAlarm retenu\" width=\"300\" height=\"200\" \/><strong>TeleAlarm retenu.<\/strong> Plusieurs offres avaient \u00e9t\u00e9 sollicit\u00e9es, explique le directeur Thomas G\u00fcnter. \u00abCelle de TeleAlarm nous a paru de loin la plus claire et la plus fiable. Monsieur Alfred Kuhn, du service technique, nous a pr\u00e9sent\u00e9 le projet et expliqu\u00e9 le tout en d\u00e9tail, tant du point de vue technique, que financier ou th\u00e9rapeutique. De plus, c\u2018\u00e9tait pour nous accessible. Nous avons \u00e9t\u00e9 convaincus.\u00bb Le syst\u00e8me radio qui a \u00e9t\u00e9 install\u00e9 est totalement compatible avec l\u2018installation t\u00e9l\u00e9phonique existante.<\/p>\n<p><img loading=\"lazy\" decoding=\"async\" class=\"alignright wp-image-10431 size-medium\" src=\"https:\/\/www.telealarm.com\/wp-content\/uploads\/Wohn-und-Pflegezentrum-Wiborada-Schweiz-Sicherheit-e1533027398528.jpg\" alt=\"Simple \u00e0 utiliser\" width=\"300\" height=\"168\" \/><strong>Simple \u00e0 utiliser.<\/strong> Il \u00e9tait important que le nouveau syst\u00e8me soit aussi facile \u00e0 utiliser par le personnel. Les diverses issues du b\u00e2timent y sont reli\u00e9es, ainsi que quelques barri\u00e8res anti fugue dans\u00a0 l\u2018environnement imm\u00e9diat, sans oublier les appels infirmi\u00e8re solo ou combin\u00e9s, ou les alarmes fixes \u00e0 tirettes comme dans les douches, par exemple. Tous les messages qui arrivent sur le portable destinataire indiquent \u00e0 l\u2018\u00e9cran le num\u00e9ro de la chambre concern\u00e9e, mais aussi la localisation du r\u00e9sident. Les alarmes techniques, elles, sont dirig\u00e9es sur le PC du directeur technique. Et les barri\u00e8res anti fugue du service psychiatrique sont configur\u00e9es de fa\u00e7on \u00e0 ce que les visiteurs puissent sortir sans avoir \u00e0 faire appel au personnel, par une manipulation simple.<\/p>\n<p><strong>Un timing pr\u00e9cis.<\/strong> \u00abNous voulions que tout fonctionne \u00e0 midi le jour de l\u2018emm\u00e9nagement dans le nouveau b\u00e2timent\u00bb, explique Andreas Inauen, responsable de la technique \u00e0 Wiborada. \u00abEt tout a fonctionn\u00e9 \u00e0 merveille, gr\u00e2ce \u00e0 une bonne communication des techniciens entre eux et avec moi.\u00bb Les deux syst\u00e8mes ont fonctionn\u00e9 en parall\u00e8le pendant deux jours, puis nous avons abandonn\u00e9 l\u2018ancien. La transition s\u2018est faite en toute fluidit\u00e9. \u00abAutre d\u00e9fi : les architectes voulaient qu\u2018on ne voie rien de l\u2018installation \u00e0 l\u2018ext\u00e9rieur\u00bb, ajoute-t-il en riant. Et de fait, beaucoup de choses sont invisibles, comme les boucles, par exemple, qui ont \u00e9t\u00e9 encastr\u00e9es dans le b\u00e9ton. \u00abElles sont indispensables, car beaucoup de nos r\u00e9sidents ont un grand besoin de mouvement et fuguent parfois\u00bb, explique Thomas G\u00fcnter, \u00abNous n\u2018avons plus \u00e0 les chercher partout, car nous savons par o\u00f9 ils s\u2019\u00e9taient sont enfuis.\u00bb<\/p>\n<p><img loading=\"lazy\" decoding=\"async\" class=\"alignright wp-image-10432\" src=\"https:\/\/www.telealarm.com\/wp-content\/uploads\/Wohn-und-Pflegezentrum-Wiborada-Schweiz-Zufriedenheit-e1533025500263.jpg\" alt=\"Prix\" width=\"466\" height=\"123\" \/><strong>Prix<\/strong>. Selon Andreas Inauen, l\u2018offre TeleAlarm n\u2018\u00e9tait pas la plus int\u00e9ressante financi\u00e8rement. \u00abMais, premi\u00e8rement, elle n\u2018\u00e9tait pas non plus la plus ch\u00e8re, et deuxi\u00e8mement, le prix ne fait pas tout.\u00bb L\u2018argument d\u00e9cisif \u00e9tait d\u2018une part la qualit\u00e9 technique, et surtout, l\u2018assistance. \u00abNous travaillons en excellente coop\u00e9ration, et on sent que la passion anime Tele- Alarm. Ce ne sont pas de simples\u00a0 vendeurs, mais des techniciens chevronn\u00e9s qui savent \u00eatre \u00e0 l\u2018\u00e9coute.\u00bb Un petit probl\u00e8me intervenu dans le cadre de la garantie l\u2018a confirm\u00e9 : \u00ab\u00c7a \u00e9t\u00e9 r\u00e9gl\u00e9 sans difficult\u00e9.\u00bb Il appr\u00e9cie beaucoup de pouvoir appeler directement un correspondant TeleAlarm en cas de besoin. \u00abIl est en principe joignable 24 heures sur 24. En cas d\u2018indisponibilit\u00e9, son mobile est automatiquement renvoy\u00e9 sur un coll\u00e8gue comp\u00e9tent.\u00bb Enfin, des extensions du syst\u00e8me sont possibles \u00e0 tout moment. La documentation \u00e9tant bien faite, il ne faut qu\u2018une minute pour ajouter un \u00e9metteur. \u00abC\u2018est important, car les ext\u00e9rieurs ne sont pas encore termin\u00e9s. Je pense au jardin du service psychiatrique ou au sentier des passeurs qui fait le tour de la propri\u00e9t\u00e9.\u00bb<\/p>\n","protected":false},"excerpt":{"rendered":"<p>Prise en compte de l\u2018aspect m\u00e9dical. Vieille de plus de 50 ans, la maison de retraite m\u00e9dicalis\u00e9e Wiborada, du nom de la sainte canonis\u00e9e en 1047, a \u00e9t\u00e9 totalement r\u00e9nov\u00e9e de 2012 \u00e0 2015. A cet effet, le syst\u00e8me d\u2019appel \u00e0 l\u2019aide aux infirmi\u00e8res a \u00e9t\u00e9 confi\u00e9 \u00e0 la Soci\u00e9t\u00e9 TeleAlarm. D\u00e8s 1958, les soeurs&hellip;<\/p>\n","protected":false},"author":5,"featured_media":56279,"comment_status":"closed","ping_status":"closed","sticky":false,"template":"","format":"standard","meta":{"_monsterinsights_skip_tracking":false,"_monsterinsights_sitenote_active":false,"_monsterinsights_sitenote_note":"","_monsterinsights_sitenote_category":0,"footnotes":""},"categories":["86","95","96","98","196","243","244","245","246","247","248","250","290","295","296","297","298","299","300","301","302","303","304","305","306","307","308","309","310","311","312","313","314","315","316","317","318","319","320","321","322","323","324","325","437","464"],"tags":[],"class_list":{"0":"post-56278","1":"post","2":"type-post","3":"status-publish","4":"format-standard","5":"has-post-thumbnail","6":"hentry","7":"category-lms-fr","8":"category-uncategorized-fr","12":"category-hausnotruf-fr","13":"category-nurse-call-fr","20":"category-evenement-fr","25":"category-uncategorized-en","27":"category-le-saviez-vous","28":"category-produits-et-technologie","29":"category-foires-et-manifestations","30":"category-actualites-autour-de-telealarm","31":"category-nouvelles-du-secteur","32":"category-rapport-dexperiences-et-interviews","52":"category-karriere","53":"category-296","54":"category-98","58":"category-301","59":"category-250","66":"category-295","71":"category-300","73":"category-314","74":"category-319","75":"category-318","76":"category-317","77":"category-316","78":"category-315","98":"category-464","99":"description-off"},"yoast_head":"<!-- This site is optimized with the Yoast SEO plugin v20.2.1 - https:\/\/yoast.com\/wordpress\/plugins\/seo\/ -->\n<title>Exemple d\u2018application de NurseCall \u2013 Wohn- und Pflegezentrum Wiborada, Schweiz<\/title>\n<meta name=\"description\" content=\"Prise en compte de l\u2018aspect m\u00e9dical. Vieille de plus de 50 ans, la maison de retraite m\u00e9dicalis\u00e9e Wiborada, du nom de la sainte canonis\u00e9e en 1047, a \u00e9t\u00e9\" \/>\n<meta name=\"robots\" content=\"index, follow, max-snippet:-1, max-image-preview:large, max-video-preview:-1\" \/>\n<link rel=\"canonical\" href=\"https:\/\/www.telealarm.com\/fr\/exemple-dapplication-de-nursecall-wohn-und-pflegezentrum-wiborada-schweiz\/\" \/>\n<meta property=\"og:locale\" content=\"fr_FR\" \/>\n<meta property=\"og:type\" content=\"article\" \/>\n<meta property=\"og:title\" content=\"Exemple d\u2018application de NurseCall \u2013 Wohn- und Pflegezentrum Wiborada, Schweiz\" \/>\n<meta property=\"og:description\" content=\"Prise en compte de l\u2018aspect m\u00e9dical. Vieille de plus de 50 ans, la maison de retraite m\u00e9dicalis\u00e9e Wiborada, du nom de la sainte canonis\u00e9e en 1047, a \u00e9t\u00e9\" \/>\n<meta property=\"og:url\" content=\"https:\/\/www.telealarm.com\/fr\/exemple-dapplication-de-nursecall-wohn-und-pflegezentrum-wiborada-schweiz\/\" \/>\n<meta property=\"og:site_name\" content=\"TeleAlarm\" \/>\n<meta property=\"article:published_time\" content=\"2016-11-23T09:25:02+00:00\" \/>\n<meta property=\"article:modified_time\" content=\"2020-09-30T08:49:22+00:00\" \/>\n<meta property=\"og:image\" content=\"https:\/\/www.telealarm.com\/wp-content\/uploads\/Wohn-und-Pflegezentrum-Wiborada-Schweiz-e1533028047307.jpg\" \/>\n\t<meta property=\"og:image:width\" content=\"608\" \/>\n\t<meta property=\"og:image:height\" content=\"200\" \/>\n\t<meta property=\"og:image:type\" content=\"image\/jpeg\" \/>\n<meta name=\"author\" content=\"TeleAlarm Europe\" \/>\n<meta name=\"twitter:card\" content=\"summary_large_image\" \/>\n<meta name=\"twitter:label1\" content=\"\u00c9crit par\" \/>\n\t<meta name=\"twitter:data1\" content=\"TeleAlarm Europe\" \/>\n\t<meta name=\"twitter:label2\" content=\"Dur\u00e9e de lecture estim\u00e9e\" \/>\n\t<meta name=\"twitter:data2\" content=\"4 minutes\" \/>\n<script type=\"application\/ld+json\" class=\"yoast-schema-graph\">{\"@context\":\"https:\/\/schema.org\",\"@graph\":[{\"@type\":\"WebPage\",\"@id\":\"https:\/\/www.telealarm.com\/fr\/exemple-dapplication-de-nursecall-wohn-und-pflegezentrum-wiborada-schweiz\/\",\"url\":\"https:\/\/www.telealarm.com\/fr\/exemple-dapplication-de-nursecall-wohn-und-pflegezentrum-wiborada-schweiz\/\",\"name\":\"Exemple d\u2018application de NurseCall \u2013 Wohn- und Pflegezentrum Wiborada, Schweiz\",\"isPartOf\":{\"@id\":\"https:\/\/www.telealarm.com\/#website\"},\"datePublished\":\"2016-11-23T09:25:02+00:00\",\"dateModified\":\"2020-09-30T08:49:22+00:00\",\"author\":{\"@id\":\"https:\/\/www.telealarm.com\/#\/schema\/person\/449af97f790e4b74bf256284116b3479\"},\"description\":\"Prise en compte de l\u2018aspect m\u00e9dical. Vieille de plus de 50 ans, la maison de retraite m\u00e9dicalis\u00e9e Wiborada, du nom de la sainte canonis\u00e9e en 1047, a \u00e9t\u00e9\",\"breadcrumb\":{\"@id\":\"https:\/\/www.telealarm.com\/fr\/exemple-dapplication-de-nursecall-wohn-und-pflegezentrum-wiborada-schweiz\/#breadcrumb\"},\"inLanguage\":\"fr-FR\",\"potentialAction\":[{\"@type\":\"ReadAction\",\"target\":[\"https:\/\/www.telealarm.com\/fr\/exemple-dapplication-de-nursecall-wohn-und-pflegezentrum-wiborada-schweiz\/\"]}]},{\"@type\":\"BreadcrumbList\",\"@id\":\"https:\/\/www.telealarm.com\/fr\/exemple-dapplication-de-nursecall-wohn-und-pflegezentrum-wiborada-schweiz\/#breadcrumb\",\"itemListElement\":[{\"@type\":\"ListItem\",\"position\":1,\"name\":\"Startseite\",\"item\":\"https:\/\/www.telealarm.com\/fr\/\"},{\"@type\":\"ListItem\",\"position\":2,\"name\":\"Exemple d\u2018application de NurseCall \u2013 Wohn- und Pflegezentrum Wiborada, Schweiz\"}]},{\"@type\":\"WebSite\",\"@id\":\"https:\/\/www.telealarm.com\/#website\",\"url\":\"https:\/\/www.telealarm.com\/\",\"name\":\"TeleAlarm\",\"description\":\"Swiss Design\",\"potentialAction\":[{\"@type\":\"SearchAction\",\"target\":{\"@type\":\"EntryPoint\",\"urlTemplate\":\"https:\/\/www.telealarm.com\/?s={search_term_string}\"},\"query-input\":\"required name=search_term_string\"}],\"inLanguage\":\"fr-FR\"},{\"@type\":\"Person\",\"@id\":\"https:\/\/www.telealarm.com\/#\/schema\/person\/449af97f790e4b74bf256284116b3479\",\"name\":\"TeleAlarm Europe\",\"image\":{\"@type\":\"ImageObject\",\"inLanguage\":\"fr-FR\",\"@id\":\"https:\/\/www.telealarm.com\/#\/schema\/person\/image\/\",\"url\":\"https:\/\/secure.gravatar.com\/avatar\/d4dd0e8d6e09faf4b909a3914ab8a2401cb58ea42b3e1b7bbef298a1f5083c2f?s=96&d=mm&r=g\",\"contentUrl\":\"https:\/\/secure.gravatar.com\/avatar\/d4dd0e8d6e09faf4b909a3914ab8a2401cb58ea42b3e1b7bbef298a1f5083c2f?s=96&d=mm&r=g\",\"caption\":\"TeleAlarm Europe\"}}]}<\/script>\n<!-- \/ Yoast SEO plugin. -->","yoast_head_json":{"title":"Exemple d\u2018application de NurseCall \u2013 Wohn- und Pflegezentrum Wiborada, Schweiz","description":"Prise en compte de l\u2018aspect m\u00e9dical. Vieille de plus de 50 ans, la maison de retraite m\u00e9dicalis\u00e9e Wiborada, du nom de la sainte canonis\u00e9e en 1047, a \u00e9t\u00e9","robots":{"index":"index","follow":"follow","max-snippet":"max-snippet:-1","max-image-preview":"max-image-preview:large","max-video-preview":"max-video-preview:-1"},"canonical":"https:\/\/www.telealarm.com\/fr\/exemple-dapplication-de-nursecall-wohn-und-pflegezentrum-wiborada-schweiz\/","og_locale":"fr_FR","og_type":"article","og_title":"Exemple d\u2018application de NurseCall \u2013 Wohn- und Pflegezentrum Wiborada, Schweiz","og_description":"Prise en compte de l\u2018aspect m\u00e9dical. Vieille de plus de 50 ans, la maison de retraite m\u00e9dicalis\u00e9e Wiborada, du nom de la sainte canonis\u00e9e en 1047, a \u00e9t\u00e9","og_url":"https:\/\/www.telealarm.com\/fr\/exemple-dapplication-de-nursecall-wohn-und-pflegezentrum-wiborada-schweiz\/","og_site_name":"TeleAlarm","article_published_time":"2016-11-23T09:25:02+00:00","article_modified_time":"2020-09-30T08:49:22+00:00","og_image":[{"width":608,"height":200,"url":"https:\/\/www.telealarm.com\/wp-content\/uploads\/Wohn-und-Pflegezentrum-Wiborada-Schweiz-e1533028047307.jpg","type":"image\/jpeg"}],"author":"TeleAlarm Europe","twitter_card":"summary_large_image","twitter_misc":{"\u00c9crit par":"TeleAlarm Europe","Dur\u00e9e de lecture estim\u00e9e":"4 minutes"},"schema":{"@context":"https:\/\/schema.org","@graph":[{"@type":"WebPage","@id":"https:\/\/www.telealarm.com\/fr\/exemple-dapplication-de-nursecall-wohn-und-pflegezentrum-wiborada-schweiz\/","url":"https:\/\/www.telealarm.com\/fr\/exemple-dapplication-de-nursecall-wohn-und-pflegezentrum-wiborada-schweiz\/","name":"Exemple d\u2018application de NurseCall \u2013 Wohn- und Pflegezentrum Wiborada, Schweiz","isPartOf":{"@id":"https:\/\/www.telealarm.com\/#website"},"datePublished":"2016-11-23T09:25:02+00:00","dateModified":"2020-09-30T08:49:22+00:00","author":{"@id":"https:\/\/www.telealarm.com\/#\/schema\/person\/449af97f790e4b74bf256284116b3479"},"description":"Prise en compte de l\u2018aspect m\u00e9dical. Vieille de plus de 50 ans, la maison de retraite m\u00e9dicalis\u00e9e Wiborada, du nom de la sainte canonis\u00e9e en 1047, a \u00e9t\u00e9","breadcrumb":{"@id":"https:\/\/www.telealarm.com\/fr\/exemple-dapplication-de-nursecall-wohn-und-pflegezentrum-wiborada-schweiz\/#breadcrumb"},"inLanguage":"fr-FR","potentialAction":[{"@type":"ReadAction","target":["https:\/\/www.telealarm.com\/fr\/exemple-dapplication-de-nursecall-wohn-und-pflegezentrum-wiborada-schweiz\/"]}]},{"@type":"BreadcrumbList","@id":"https:\/\/www.telealarm.com\/fr\/exemple-dapplication-de-nursecall-wohn-und-pflegezentrum-wiborada-schweiz\/#breadcrumb","itemListElement":[{"@type":"ListItem","position":1,"name":"Startseite","item":"https:\/\/www.telealarm.com\/fr\/"},{"@type":"ListItem","position":2,"name":"Exemple d\u2018application de NurseCall \u2013 Wohn- und Pflegezentrum Wiborada, Schweiz"}]},{"@type":"WebSite","@id":"https:\/\/www.telealarm.com\/#website","url":"https:\/\/www.telealarm.com\/","name":"TeleAlarm","description":"Swiss Design","potentialAction":[{"@type":"SearchAction","target":{"@type":"EntryPoint","urlTemplate":"https:\/\/www.telealarm.com\/?s={search_term_string}"},"query-input":"required name=search_term_string"}],"inLanguage":"fr-FR"},{"@type":"Person","@id":"https:\/\/www.telealarm.com\/#\/schema\/person\/449af97f790e4b74bf256284116b3479","name":"TeleAlarm Europe","image":{"@type":"ImageObject","inLanguage":"fr-FR","@id":"https:\/\/www.telealarm.com\/#\/schema\/person\/image\/","url":"https:\/\/secure.gravatar.com\/avatar\/d4dd0e8d6e09faf4b909a3914ab8a2401cb58ea42b3e1b7bbef298a1f5083c2f?s=96&d=mm&r=g","contentUrl":"https:\/\/secure.gravatar.com\/avatar\/d4dd0e8d6e09faf4b909a3914ab8a2401cb58ea42b3e1b7bbef298a1f5083c2f?s=96&d=mm&r=g","caption":"TeleAlarm Europe"}}]}},"_links":{"self":[{"href":"https:\/\/www.telealarm.com\/fr\/wp-json\/wp\/v2\/posts\/56278\/"}],"collection":[{"href":"https:\/\/www.telealarm.com\/fr\/wp-json\/wp\/v2\/posts\/"}],"about":[{"href":"https:\/\/www.telealarm.com\/fr\/wp-json\/wp\/v2\/types\/post\/"}],"author":[{"embeddable":true,"href":"https:\/\/www.telealarm.com\/fr\/wp-json\/wp\/v2\/users\/5\/"}],"replies":[{"embeddable":true,"href":"https:\/\/www.telealarm.com\/fr\/wp-json\/wp\/v2\/comments\/?post=56278"}],"version-history":[{"count":2,"href":"https:\/\/www.telealarm.com\/fr\/wp-json\/wp\/v2\/posts\/56278\/revisions\/"}],"predecessor-version":[{"id":56283,"href":"https:\/\/www.telealarm.com\/fr\/wp-json\/wp\/v2\/posts\/56278\/revisions\/56283\/"}],"wp:featuredmedia":[{"embeddable":true,"href":"https:\/\/www.telealarm.com\/fr\/wp-json\/wp\/v2\/media\/56279\/"}],"wp:attachment":[{"href":"https:\/\/www.telealarm.com\/fr\/wp-json\/wp\/v2\/media\/?parent=56278"}],"wp:term":[{"taxonomy":"category","embeddable":true,"href":"https:\/\/www.telealarm.com\/fr\/wp-json\/wp\/v2\/categories\/?post=56278"},{"taxonomy":"post_tag","embeddable":true,"href":"https:\/\/www.telealarm.com\/fr\/wp-json\/wp\/v2\/tags\/?post=56278"}],"curies":[{"name":"wp","href":"https:\/\/api.w.org\/{rel}","templated":true}]}}