{"id":56269,"date":"2016-10-04T10:23:28","date_gmt":"2016-10-04T08:23:28","guid":{"rendered":"https:\/\/www.telealarm.com\/neue-leitstelle-fuer-den-drk-kreisverband-hochtaunus\/"},"modified":"2020-09-30T10:42:53","modified_gmt":"2020-09-30T08:42:53","slug":"nouveau-centre-de-controle-pour-la-drk-kreisverband-hochtaunus","status":"publish","type":"post","link":"https:\/\/www.telealarm.com\/fr\/nouveau-centre-de-controle-pour-la-drk-kreisverband-hochtaunus\/","title":{"rendered":"Nouveau centre de contr\u00f4le pour la DRK Kreisverband Hochtaunus"},"content":{"rendered":"<div class=\"entry-excerpt unit-test clearfix\">\n<p>Au cours du mois de septembre de cette ann\u00e9e, la DRK Kreisverband Hochtaunus e.V.a fait passer son ancien centre de contr\u00f4le d\u2019appel d\u2019urgence \u00e0 un syst\u00e8me LMS7 afin d\u2019\u00eatre \u00e0 la pointe du progr\u00e8s. Ainsi, d\u00e9j\u00e0 50 clients utilisent notre syst\u00e8me de T\u00e9l\u00e9 vigilance version 7.<\/p>\n<p>Le centre de contr\u00f4le est int\u00e9gr\u00e9 dans la centrale d\u2019appel d\u2019urgence de l\u2019arrondissement du Haut-Taunus, occup\u00e9e 24 heures sur 24 par trois postes de travail. Le syst\u00e8me de redondance fut directement install\u00e9 aupr\u00e8s de la Croix-Rouge allemande et est reli\u00e9 au LMS de la centrale d\u2019appel d\u2019urgence de telle sorte que la DRK puisse y ins\u00e9rer et mettre \u00e0 jour de nouvelles donn\u00e9es de fa\u00e7on autonome, agir directement en cas de panne de la centrale et traiter les appels d\u2019urgence de son propre site.<\/p>\n<p>Notre \u00e9quipe de support technique, Monsieur Schuster et Monsieur Nickel, ont install\u00e9 le centre de contr\u00f4le en l\u2019espace d\u2019une semaine et l\u2019ont \u00e9galement \u00e9quip\u00e9 d\u2019un package MoSec pour appels d\u2019urgence mobiles. Le LMS7.6 garantit d\u00e9sormais une s\u00e9curit\u00e9 accrue aupr\u00e8s de la DRK-Kreisverband Hochtaunus e.V.<\/p>\n<p>&nbsp;<\/p>\n<p><em>Photo:<br \/>\n<\/em><em>Installation achev\u00e9e du centre de contr\u00f4le (source : DRK-Kreisverband Hochtaunus e.V.) \u00e0 l\u2019arri\u00e8re (\u00e0 partir de la gauche) \u2013 Monsieur Effertz \u2013 chef d\u2019\u00e9quipe Centre de service, Monsieur Nickel \u2013 Support technique TeleAlarm, Monsieur Kr\u00e4mer \u2013 Distribution Services sociaux \u00e0 l\u2019avant (\u00e0 partir de la gauche) Monsieur Schuster \u2013 Support technique TeleAlarm, Monsieur Seidel \u2013 D\u00e9l\u00e9gu\u00e9 pour les appels d\u2019urgence<\/em><\/p>\n<\/div>\n","protected":false},"excerpt":{"rendered":"<p>Au cours du mois de septembre de cette ann\u00e9e, la DRK Kreisverband Hochtaunus e.V.a fait passer son ancien centre de contr\u00f4le d\u2019appel d\u2019urgence \u00e0 un syst\u00e8me LMS7 afin d\u2019\u00eatre \u00e0 la pointe du progr\u00e8s. Ainsi, d\u00e9j\u00e0 50 clients utilisent notre syst\u00e8me de T\u00e9l\u00e9 vigilance version 7. Le centre de contr\u00f4le est int\u00e9gr\u00e9 dans la centrale&hellip;<\/p>\n","protected":false},"author":5,"featured_media":56270,"comment_status":"closed","ping_status":"closed","sticky":false,"template":"","format":"standard","meta":{"_monsterinsights_skip_tracking":false,"_monsterinsights_sitenote_active":false,"_monsterinsights_sitenote_note":"","_monsterinsights_sitenote_category":0,"footnotes":""},"categories":["86","95","96","98","196","243","244","245","246","247","248","250","290","295","296","297","298","299","300","301","302","303","304","305","306","307","308","309","310","311","312","313","314","315","316","317","318","319","320","321","322","323","324","325","437","464"],"tags":[],"class_list":{"0":"post-56269","1":"post","2":"type-post","3":"status-publish","4":"format-standard","5":"has-post-thumbnail","6":"hentry","7":"category-lms-fr","8":"category-uncategorized-fr","12":"category-hausnotruf-fr","13":"category-nurse-call-fr","20":"category-evenement-fr","25":"category-uncategorized-en","27":"category-le-saviez-vous","28":"category-produits-et-technologie","29":"category-foires-et-manifestations","30":"category-actualites-autour-de-telealarm","31":"category-nouvelles-du-secteur","32":"category-rapport-dexperiences-et-interviews","52":"category-karriere","53":"category-296","54":"category-98","58":"category-301","59":"category-250","66":"category-295","71":"category-300","73":"category-314","74":"category-319","75":"category-318","76":"category-317","77":"category-316","78":"category-315","98":"category-464","99":"description-off"},"yoast_head":"<!-- This site is optimized with the Yoast SEO plugin v20.2.1 - https:\/\/yoast.com\/wordpress\/plugins\/seo\/ -->\n<title>Nouveau centre de contr\u00f4le pour la DRK Kreisverband Hochtaunus<\/title>\n<meta name=\"description\" content=\"Au cours du mois de septembre de cette ann\u00e9e, la DRK Kreisverband Hochtaunus e.V.a fait passer son ancien centre de contr\u00f4le d\u2019appel d\u2019urgence \u00e0 un\" \/>\n<meta name=\"robots\" content=\"index, follow, max-snippet:-1, max-image-preview:large, max-video-preview:-1\" \/>\n<link rel=\"canonical\" href=\"https:\/\/www.telealarm.com\/fr\/nouveau-centre-de-controle-pour-la-drk-kreisverband-hochtaunus\/\" \/>\n<meta property=\"og:locale\" content=\"fr_FR\" \/>\n<meta property=\"og:type\" content=\"article\" \/>\n<meta property=\"og:title\" content=\"Nouveau centre de contr\u00f4le pour la DRK Kreisverband Hochtaunus\" \/>\n<meta property=\"og:description\" content=\"Au cours du mois de septembre de cette ann\u00e9e, la DRK Kreisverband Hochtaunus e.V.a fait passer son ancien centre de contr\u00f4le d\u2019appel d\u2019urgence \u00e0 un\" \/>\n<meta property=\"og:url\" content=\"https:\/\/www.telealarm.com\/fr\/nouveau-centre-de-controle-pour-la-drk-kreisverband-hochtaunus\/\" \/>\n<meta property=\"og:site_name\" content=\"TeleAlarm\" \/>\n<meta property=\"article:published_time\" content=\"2016-10-04T08:23:28+00:00\" \/>\n<meta property=\"article:modified_time\" content=\"2020-09-30T08:42:53+00:00\" \/>\n<meta property=\"og:image\" content=\"https:\/\/www.telealarm.com\/wp-content\/uploads\/2016\/10\/LMS-BadHomburg_Blog.png\" \/>\n\t<meta property=\"og:image:width\" content=\"500\" \/>\n\t<meta property=\"og:image:height\" content=\"300\" \/>\n\t<meta property=\"og:image:type\" content=\"image\/png\" \/>\n<meta name=\"author\" content=\"TeleAlarm Europe\" \/>\n<meta name=\"twitter:card\" content=\"summary_large_image\" \/>\n<meta name=\"twitter:label1\" content=\"\u00c9crit par\" \/>\n\t<meta name=\"twitter:data1\" content=\"TeleAlarm Europe\" \/>\n\t<meta name=\"twitter:label2\" content=\"Dur\u00e9e de lecture estim\u00e9e\" \/>\n\t<meta name=\"twitter:data2\" content=\"1 minute\" \/>\n<script type=\"application\/ld+json\" class=\"yoast-schema-graph\">{\"@context\":\"https:\/\/schema.org\",\"@graph\":[{\"@type\":\"WebPage\",\"@id\":\"https:\/\/www.telealarm.com\/fr\/nouveau-centre-de-controle-pour-la-drk-kreisverband-hochtaunus\/\",\"url\":\"https:\/\/www.telealarm.com\/fr\/nouveau-centre-de-controle-pour-la-drk-kreisverband-hochtaunus\/\",\"name\":\"Nouveau centre de contr\u00f4le pour la DRK Kreisverband Hochtaunus\",\"isPartOf\":{\"@id\":\"https:\/\/www.telealarm.com\/#website\"},\"datePublished\":\"2016-10-04T08:23:28+00:00\",\"dateModified\":\"2020-09-30T08:42:53+00:00\",\"author\":{\"@id\":\"https:\/\/www.telealarm.com\/#\/schema\/person\/449af97f790e4b74bf256284116b3479\"},\"description\":\"Au cours du mois de septembre de cette ann\u00e9e, la DRK Kreisverband Hochtaunus e.V.a fait passer son ancien centre de contr\u00f4le d\u2019appel d\u2019urgence \u00e0 un\",\"breadcrumb\":{\"@id\":\"https:\/\/www.telealarm.com\/fr\/nouveau-centre-de-controle-pour-la-drk-kreisverband-hochtaunus\/#breadcrumb\"},\"inLanguage\":\"fr-FR\",\"potentialAction\":[{\"@type\":\"ReadAction\",\"target\":[\"https:\/\/www.telealarm.com\/fr\/nouveau-centre-de-controle-pour-la-drk-kreisverband-hochtaunus\/\"]}]},{\"@type\":\"BreadcrumbList\",\"@id\":\"https:\/\/www.telealarm.com\/fr\/nouveau-centre-de-controle-pour-la-drk-kreisverband-hochtaunus\/#breadcrumb\",\"itemListElement\":[{\"@type\":\"ListItem\",\"position\":1,\"name\":\"Startseite\",\"item\":\"https:\/\/www.telealarm.com\/fr\/\"},{\"@type\":\"ListItem\",\"position\":2,\"name\":\"Nouveau centre de contr\u00f4le pour la DRK Kreisverband Hochtaunus\"}]},{\"@type\":\"WebSite\",\"@id\":\"https:\/\/www.telealarm.com\/#website\",\"url\":\"https:\/\/www.telealarm.com\/\",\"name\":\"TeleAlarm\",\"description\":\"Swiss Design\",\"potentialAction\":[{\"@type\":\"SearchAction\",\"target\":{\"@type\":\"EntryPoint\",\"urlTemplate\":\"https:\/\/www.telealarm.com\/?s={search_term_string}\"},\"query-input\":\"required name=search_term_string\"}],\"inLanguage\":\"fr-FR\"},{\"@type\":\"Person\",\"@id\":\"https:\/\/www.telealarm.com\/#\/schema\/person\/449af97f790e4b74bf256284116b3479\",\"name\":\"TeleAlarm Europe\",\"image\":{\"@type\":\"ImageObject\",\"inLanguage\":\"fr-FR\",\"@id\":\"https:\/\/www.telealarm.com\/#\/schema\/person\/image\/\",\"url\":\"https:\/\/secure.gravatar.com\/avatar\/d4dd0e8d6e09faf4b909a3914ab8a2401cb58ea42b3e1b7bbef298a1f5083c2f?s=96&d=mm&r=g\",\"contentUrl\":\"https:\/\/secure.gravatar.com\/avatar\/d4dd0e8d6e09faf4b909a3914ab8a2401cb58ea42b3e1b7bbef298a1f5083c2f?s=96&d=mm&r=g\",\"caption\":\"TeleAlarm Europe\"}}]}<\/script>\n<!-- \/ Yoast SEO plugin. -->","yoast_head_json":{"title":"Nouveau centre de contr\u00f4le pour la DRK Kreisverband Hochtaunus","description":"Au cours du mois de septembre de cette ann\u00e9e, la DRK Kreisverband Hochtaunus e.V.a fait passer son ancien centre de contr\u00f4le d\u2019appel d\u2019urgence \u00e0 un","robots":{"index":"index","follow":"follow","max-snippet":"max-snippet:-1","max-image-preview":"max-image-preview:large","max-video-preview":"max-video-preview:-1"},"canonical":"https:\/\/www.telealarm.com\/fr\/nouveau-centre-de-controle-pour-la-drk-kreisverband-hochtaunus\/","og_locale":"fr_FR","og_type":"article","og_title":"Nouveau centre de contr\u00f4le pour la DRK Kreisverband Hochtaunus","og_description":"Au cours du mois de septembre de cette ann\u00e9e, la DRK Kreisverband Hochtaunus e.V.a fait passer son ancien centre de contr\u00f4le d\u2019appel d\u2019urgence \u00e0 un","og_url":"https:\/\/www.telealarm.com\/fr\/nouveau-centre-de-controle-pour-la-drk-kreisverband-hochtaunus\/","og_site_name":"TeleAlarm","article_published_time":"2016-10-04T08:23:28+00:00","article_modified_time":"2020-09-30T08:42:53+00:00","og_image":[{"width":500,"height":300,"url":"https:\/\/www.telealarm.com\/wp-content\/uploads\/2016\/10\/LMS-BadHomburg_Blog.png","type":"image\/png"}],"author":"TeleAlarm Europe","twitter_card":"summary_large_image","twitter_misc":{"\u00c9crit par":"TeleAlarm Europe","Dur\u00e9e de lecture estim\u00e9e":"1 minute"},"schema":{"@context":"https:\/\/schema.org","@graph":[{"@type":"WebPage","@id":"https:\/\/www.telealarm.com\/fr\/nouveau-centre-de-controle-pour-la-drk-kreisverband-hochtaunus\/","url":"https:\/\/www.telealarm.com\/fr\/nouveau-centre-de-controle-pour-la-drk-kreisverband-hochtaunus\/","name":"Nouveau centre de contr\u00f4le pour la DRK Kreisverband Hochtaunus","isPartOf":{"@id":"https:\/\/www.telealarm.com\/#website"},"datePublished":"2016-10-04T08:23:28+00:00","dateModified":"2020-09-30T08:42:53+00:00","author":{"@id":"https:\/\/www.telealarm.com\/#\/schema\/person\/449af97f790e4b74bf256284116b3479"},"description":"Au cours du mois de septembre de cette ann\u00e9e, la DRK Kreisverband Hochtaunus e.V.a fait passer son ancien centre de contr\u00f4le d\u2019appel d\u2019urgence \u00e0 un","breadcrumb":{"@id":"https:\/\/www.telealarm.com\/fr\/nouveau-centre-de-controle-pour-la-drk-kreisverband-hochtaunus\/#breadcrumb"},"inLanguage":"fr-FR","potentialAction":[{"@type":"ReadAction","target":["https:\/\/www.telealarm.com\/fr\/nouveau-centre-de-controle-pour-la-drk-kreisverband-hochtaunus\/"]}]},{"@type":"BreadcrumbList","@id":"https:\/\/www.telealarm.com\/fr\/nouveau-centre-de-controle-pour-la-drk-kreisverband-hochtaunus\/#breadcrumb","itemListElement":[{"@type":"ListItem","position":1,"name":"Startseite","item":"https:\/\/www.telealarm.com\/fr\/"},{"@type":"ListItem","position":2,"name":"Nouveau centre de contr\u00f4le pour la DRK Kreisverband Hochtaunus"}]},{"@type":"WebSite","@id":"https:\/\/www.telealarm.com\/#website","url":"https:\/\/www.telealarm.com\/","name":"TeleAlarm","description":"Swiss Design","potentialAction":[{"@type":"SearchAction","target":{"@type":"EntryPoint","urlTemplate":"https:\/\/www.telealarm.com\/?s={search_term_string}"},"query-input":"required name=search_term_string"}],"inLanguage":"fr-FR"},{"@type":"Person","@id":"https:\/\/www.telealarm.com\/#\/schema\/person\/449af97f790e4b74bf256284116b3479","name":"TeleAlarm Europe","image":{"@type":"ImageObject","inLanguage":"fr-FR","@id":"https:\/\/www.telealarm.com\/#\/schema\/person\/image\/","url":"https:\/\/secure.gravatar.com\/avatar\/d4dd0e8d6e09faf4b909a3914ab8a2401cb58ea42b3e1b7bbef298a1f5083c2f?s=96&d=mm&r=g","contentUrl":"https:\/\/secure.gravatar.com\/avatar\/d4dd0e8d6e09faf4b909a3914ab8a2401cb58ea42b3e1b7bbef298a1f5083c2f?s=96&d=mm&r=g","caption":"TeleAlarm Europe"}}]}},"_links":{"self":[{"href":"https:\/\/www.telealarm.com\/fr\/wp-json\/wp\/v2\/posts\/56269\/"}],"collection":[{"href":"https:\/\/www.telealarm.com\/fr\/wp-json\/wp\/v2\/posts\/"}],"about":[{"href":"https:\/\/www.telealarm.com\/fr\/wp-json\/wp\/v2\/types\/post\/"}],"author":[{"embeddable":true,"href":"https:\/\/www.telealarm.com\/fr\/wp-json\/wp\/v2\/users\/5\/"}],"replies":[{"embeddable":true,"href":"https:\/\/www.telealarm.com\/fr\/wp-json\/wp\/v2\/comments\/?post=56269"}],"version-history":[{"count":1,"href":"https:\/\/www.telealarm.com\/fr\/wp-json\/wp\/v2\/posts\/56269\/revisions\/"}],"predecessor-version":[{"id":56272,"href":"https:\/\/www.telealarm.com\/fr\/wp-json\/wp\/v2\/posts\/56269\/revisions\/56272\/"}],"wp:featuredmedia":[{"embeddable":true,"href":"https:\/\/www.telealarm.com\/fr\/wp-json\/wp\/v2\/media\/56270\/"}],"wp:attachment":[{"href":"https:\/\/www.telealarm.com\/fr\/wp-json\/wp\/v2\/media\/?parent=56269"}],"wp:term":[{"taxonomy":"category","embeddable":true,"href":"https:\/\/www.telealarm.com\/fr\/wp-json\/wp\/v2\/categories\/?post=56269"},{"taxonomy":"post_tag","embeddable":true,"href":"https:\/\/www.telealarm.com\/fr\/wp-json\/wp\/v2\/tags\/?post=56269"}],"curies":[{"name":"wp","href":"https:\/\/api.w.org\/{rel}","templated":true}]}}