{"id":56254,"date":"2016-10-04T10:16:52","date_gmt":"2016-10-04T08:16:52","guid":{"rendered":"https:\/\/www.telealarm.com\/bundeskongress-initiative-hausnotruf-in-berlin\/"},"modified":"2020-09-30T10:17:02","modified_gmt":"2020-09-30T08:17:02","slug":"congres-federal-initiative-appel-durgence-a-berlin","status":"publish","type":"post","link":"https:\/\/www.telealarm.com\/fr\/congres-federal-initiative-appel-durgence-a-berlin\/","title":{"rendered":"Congr\u00e8s f\u00e9d\u00e9ral initiative appel d\u2019urgence \u00e0 Berlin"},"content":{"rendered":"<div class=\"entry-excerpt unit-test clearfix\">\n<p>Les 29 et 30 septembre 2016 avait lieu le premier congr\u00e8s de l\u2019initiative appel d\u2019urgence. Environ 300 participants s\u2019inform\u00e8rent, au cours de divers expos\u00e9s sur le th\u00e8me <b>\u201eChangement d\u00e9mographique et d\u00e9veloppements technologiques : Aujourd\u2019hui et \u00e0 l\u2019avenir\u201c.<\/b><br \/>\nL\u2019\u00e9v\u00e9nement fut inaugur\u00e9 le jeudi soir par Franz M\u00fcntefering, l\u2019ancien ministre f\u00e9d\u00e9ral. Monsieur M\u00fcntefering s\u2019exprima sur l\u2019aspect positif de l\u2019appel d\u2019urgence, qui permet aux personnes de continuer \u00e0 vivre dans leur contexte habituel.<br \/>\nLe vendredi, Ulla Schmidt, Vice-pr\u00e9sidente du Bundestag allemand et ancienne ministre f\u00e9d\u00e9rale, commen\u00e7ait avec un expos\u00e9. Une tables ronde et d\u2019autres expos\u00e9s concernant le changement d\u00e9mographique suivirent.<br \/>\nEntretemps, les participants eurent l\u2019occasion, entre autres, d\u2019entrer en contact avec divers fabricants de dispositifs d\u2019appel d\u2019urgence.<\/p>\n<p>Vous trouverez de plus amples informations concernant le congr\u00e8s sur le site : <a href=\"http:\/\/www.initiative-hausnotruf.de\/59.html\" target=\"_blank\" rel=\"noopener noreferrer\"><br \/>\n<b>www.initiative-hausnotruf.de.<\/b><\/a><br \/>\nVous trouverez la vid\u00e9o du congr\u00e8s de l\u2019initiative appel d\u2019urgence<a href=\"https:\/\/vimeo.com\/185114063\" target=\"_blank\" rel=\"noopener noreferrer\"><br \/>\n<b>ici.<\/b> <\/a><\/p>\n<\/div>\n","protected":false},"excerpt":{"rendered":"<p>Les 29 et 30 septembre 2016 avait lieu le premier congr\u00e8s de l\u2019initiative appel d\u2019urgence. Environ 300 participants s\u2019inform\u00e8rent, au cours de divers expos\u00e9s sur le th\u00e8me \u201eChangement d\u00e9mographique et d\u00e9veloppements technologiques : Aujourd\u2019hui et \u00e0 l\u2019avenir\u201c. L\u2019\u00e9v\u00e9nement fut inaugur\u00e9 le jeudi soir par Franz M\u00fcntefering, l\u2019ancien ministre f\u00e9d\u00e9ral. Monsieur M\u00fcntefering s\u2019exprima sur l\u2019aspect positif&hellip;<\/p>\n","protected":false},"author":5,"featured_media":56255,"comment_status":"closed","ping_status":"closed","sticky":false,"template":"","format":"standard","meta":{"_monsterinsights_skip_tracking":false,"_monsterinsights_sitenote_active":false,"_monsterinsights_sitenote_note":"","_monsterinsights_sitenote_category":0,"footnotes":""},"categories":["86","95","96","98","196","243","244","245","246","247","248","250","290","295","296","297","298","299","300","301","302","303","304","305","306","307","308","309","310","311","312","313","314","315","316","317","318","319","320","321","322","323","324","325","437","464"],"tags":[],"class_list":{"0":"post-56254","1":"post","2":"type-post","3":"status-publish","4":"format-standard","5":"has-post-thumbnail","6":"hentry","7":"category-lms-fr","8":"category-uncategorized-fr","12":"category-hausnotruf-fr","13":"category-nurse-call-fr","20":"category-evenement-fr","25":"category-uncategorized-en","27":"category-le-saviez-vous","28":"category-produits-et-technologie","29":"category-foires-et-manifestations","30":"category-actualites-autour-de-telealarm","31":"category-nouvelles-du-secteur","32":"category-rapport-dexperiences-et-interviews","52":"category-karriere","53":"category-296","54":"category-98","58":"category-301","59":"category-250","66":"category-295","71":"category-300","73":"category-314","74":"category-319","75":"category-318","76":"category-317","77":"category-316","78":"category-315","98":"category-464","99":"description-off"},"yoast_head":"<!-- This site is optimized with the Yoast SEO plugin v20.2.1 - https:\/\/yoast.com\/wordpress\/plugins\/seo\/ -->\n<title>Congr\u00e8s f\u00e9d\u00e9ral initiative appel d\u2019urgence \u00e0 Berlin<\/title>\n<meta name=\"description\" content=\"Les 29 et 30 septembre 2016 avait lieu le premier congr\u00e8s de l\u2019initiative appel d\u2019urgence. Environ 300 participants s\u2019inform\u00e8rent, au cours de divers\" \/>\n<meta name=\"robots\" content=\"index, follow, max-snippet:-1, max-image-preview:large, max-video-preview:-1\" \/>\n<link rel=\"canonical\" href=\"https:\/\/www.telealarm.com\/fr\/congres-federal-initiative-appel-durgence-a-berlin\/\" \/>\n<meta property=\"og:locale\" content=\"fr_FR\" \/>\n<meta property=\"og:type\" content=\"article\" \/>\n<meta property=\"og:title\" content=\"Congr\u00e8s f\u00e9d\u00e9ral initiative appel d\u2019urgence \u00e0 Berlin\" \/>\n<meta property=\"og:description\" content=\"Les 29 et 30 septembre 2016 avait lieu le premier congr\u00e8s de l\u2019initiative appel d\u2019urgence. Environ 300 participants s\u2019inform\u00e8rent, au cours de divers\" \/>\n<meta property=\"og:url\" content=\"https:\/\/www.telealarm.com\/fr\/congres-federal-initiative-appel-durgence-a-berlin\/\" \/>\n<meta property=\"og:site_name\" content=\"TeleAlarm\" \/>\n<meta property=\"article:published_time\" content=\"2016-10-04T08:16:52+00:00\" \/>\n<meta property=\"article:modified_time\" content=\"2020-09-30T08:17:02+00:00\" \/>\n<meta property=\"og:image\" content=\"https:\/\/www.telealarm.com\/wp-content\/uploads\/2016\/10\/InitativeHNR_2016_Blog.png\" \/>\n\t<meta property=\"og:image:width\" content=\"500\" \/>\n\t<meta property=\"og:image:height\" content=\"300\" \/>\n\t<meta property=\"og:image:type\" content=\"image\/png\" \/>\n<meta name=\"author\" content=\"TeleAlarm Europe\" \/>\n<meta name=\"twitter:card\" content=\"summary_large_image\" \/>\n<meta name=\"twitter:label1\" content=\"\u00c9crit par\" \/>\n\t<meta name=\"twitter:data1\" content=\"TeleAlarm Europe\" \/>\n\t<meta name=\"twitter:label2\" content=\"Dur\u00e9e de lecture estim\u00e9e\" \/>\n\t<meta name=\"twitter:data2\" content=\"1 minute\" \/>\n<script type=\"application\/ld+json\" class=\"yoast-schema-graph\">{\"@context\":\"https:\/\/schema.org\",\"@graph\":[{\"@type\":\"WebPage\",\"@id\":\"https:\/\/www.telealarm.com\/fr\/congres-federal-initiative-appel-durgence-a-berlin\/\",\"url\":\"https:\/\/www.telealarm.com\/fr\/congres-federal-initiative-appel-durgence-a-berlin\/\",\"name\":\"Congr\u00e8s f\u00e9d\u00e9ral initiative appel d\u2019urgence \u00e0 Berlin\",\"isPartOf\":{\"@id\":\"https:\/\/www.telealarm.com\/#website\"},\"datePublished\":\"2016-10-04T08:16:52+00:00\",\"dateModified\":\"2020-09-30T08:17:02+00:00\",\"author\":{\"@id\":\"https:\/\/www.telealarm.com\/#\/schema\/person\/449af97f790e4b74bf256284116b3479\"},\"description\":\"Les 29 et 30 septembre 2016 avait lieu le premier congr\u00e8s de l\u2019initiative appel d\u2019urgence. Environ 300 participants s\u2019inform\u00e8rent, au cours de divers\",\"breadcrumb\":{\"@id\":\"https:\/\/www.telealarm.com\/fr\/congres-federal-initiative-appel-durgence-a-berlin\/#breadcrumb\"},\"inLanguage\":\"fr-FR\",\"potentialAction\":[{\"@type\":\"ReadAction\",\"target\":[\"https:\/\/www.telealarm.com\/fr\/congres-federal-initiative-appel-durgence-a-berlin\/\"]}]},{\"@type\":\"BreadcrumbList\",\"@id\":\"https:\/\/www.telealarm.com\/fr\/congres-federal-initiative-appel-durgence-a-berlin\/#breadcrumb\",\"itemListElement\":[{\"@type\":\"ListItem\",\"position\":1,\"name\":\"Startseite\",\"item\":\"https:\/\/www.telealarm.com\/fr\/\"},{\"@type\":\"ListItem\",\"position\":2,\"name\":\"Congr\u00e8s f\u00e9d\u00e9ral initiative appel d\u2019urgence \u00e0 Berlin\"}]},{\"@type\":\"WebSite\",\"@id\":\"https:\/\/www.telealarm.com\/#website\",\"url\":\"https:\/\/www.telealarm.com\/\",\"name\":\"TeleAlarm\",\"description\":\"Swiss Design\",\"potentialAction\":[{\"@type\":\"SearchAction\",\"target\":{\"@type\":\"EntryPoint\",\"urlTemplate\":\"https:\/\/www.telealarm.com\/?s={search_term_string}\"},\"query-input\":\"required name=search_term_string\"}],\"inLanguage\":\"fr-FR\"},{\"@type\":\"Person\",\"@id\":\"https:\/\/www.telealarm.com\/#\/schema\/person\/449af97f790e4b74bf256284116b3479\",\"name\":\"TeleAlarm Europe\",\"image\":{\"@type\":\"ImageObject\",\"inLanguage\":\"fr-FR\",\"@id\":\"https:\/\/www.telealarm.com\/#\/schema\/person\/image\/\",\"url\":\"https:\/\/secure.gravatar.com\/avatar\/d4dd0e8d6e09faf4b909a3914ab8a2401cb58ea42b3e1b7bbef298a1f5083c2f?s=96&d=mm&r=g\",\"contentUrl\":\"https:\/\/secure.gravatar.com\/avatar\/d4dd0e8d6e09faf4b909a3914ab8a2401cb58ea42b3e1b7bbef298a1f5083c2f?s=96&d=mm&r=g\",\"caption\":\"TeleAlarm Europe\"}}]}<\/script>\n<!-- \/ Yoast SEO plugin. -->","yoast_head_json":{"title":"Congr\u00e8s f\u00e9d\u00e9ral initiative appel d\u2019urgence \u00e0 Berlin","description":"Les 29 et 30 septembre 2016 avait lieu le premier congr\u00e8s de l\u2019initiative appel d\u2019urgence. Environ 300 participants s\u2019inform\u00e8rent, au cours de divers","robots":{"index":"index","follow":"follow","max-snippet":"max-snippet:-1","max-image-preview":"max-image-preview:large","max-video-preview":"max-video-preview:-1"},"canonical":"https:\/\/www.telealarm.com\/fr\/congres-federal-initiative-appel-durgence-a-berlin\/","og_locale":"fr_FR","og_type":"article","og_title":"Congr\u00e8s f\u00e9d\u00e9ral initiative appel d\u2019urgence \u00e0 Berlin","og_description":"Les 29 et 30 septembre 2016 avait lieu le premier congr\u00e8s de l\u2019initiative appel d\u2019urgence. Environ 300 participants s\u2019inform\u00e8rent, au cours de divers","og_url":"https:\/\/www.telealarm.com\/fr\/congres-federal-initiative-appel-durgence-a-berlin\/","og_site_name":"TeleAlarm","article_published_time":"2016-10-04T08:16:52+00:00","article_modified_time":"2020-09-30T08:17:02+00:00","og_image":[{"width":500,"height":300,"url":"https:\/\/www.telealarm.com\/wp-content\/uploads\/2016\/10\/InitativeHNR_2016_Blog.png","type":"image\/png"}],"author":"TeleAlarm Europe","twitter_card":"summary_large_image","twitter_misc":{"\u00c9crit par":"TeleAlarm Europe","Dur\u00e9e de lecture estim\u00e9e":"1 minute"},"schema":{"@context":"https:\/\/schema.org","@graph":[{"@type":"WebPage","@id":"https:\/\/www.telealarm.com\/fr\/congres-federal-initiative-appel-durgence-a-berlin\/","url":"https:\/\/www.telealarm.com\/fr\/congres-federal-initiative-appel-durgence-a-berlin\/","name":"Congr\u00e8s f\u00e9d\u00e9ral initiative appel d\u2019urgence \u00e0 Berlin","isPartOf":{"@id":"https:\/\/www.telealarm.com\/#website"},"datePublished":"2016-10-04T08:16:52+00:00","dateModified":"2020-09-30T08:17:02+00:00","author":{"@id":"https:\/\/www.telealarm.com\/#\/schema\/person\/449af97f790e4b74bf256284116b3479"},"description":"Les 29 et 30 septembre 2016 avait lieu le premier congr\u00e8s de l\u2019initiative appel d\u2019urgence. Environ 300 participants s\u2019inform\u00e8rent, au cours de divers","breadcrumb":{"@id":"https:\/\/www.telealarm.com\/fr\/congres-federal-initiative-appel-durgence-a-berlin\/#breadcrumb"},"inLanguage":"fr-FR","potentialAction":[{"@type":"ReadAction","target":["https:\/\/www.telealarm.com\/fr\/congres-federal-initiative-appel-durgence-a-berlin\/"]}]},{"@type":"BreadcrumbList","@id":"https:\/\/www.telealarm.com\/fr\/congres-federal-initiative-appel-durgence-a-berlin\/#breadcrumb","itemListElement":[{"@type":"ListItem","position":1,"name":"Startseite","item":"https:\/\/www.telealarm.com\/fr\/"},{"@type":"ListItem","position":2,"name":"Congr\u00e8s f\u00e9d\u00e9ral initiative appel d\u2019urgence \u00e0 Berlin"}]},{"@type":"WebSite","@id":"https:\/\/www.telealarm.com\/#website","url":"https:\/\/www.telealarm.com\/","name":"TeleAlarm","description":"Swiss Design","potentialAction":[{"@type":"SearchAction","target":{"@type":"EntryPoint","urlTemplate":"https:\/\/www.telealarm.com\/?s={search_term_string}"},"query-input":"required name=search_term_string"}],"inLanguage":"fr-FR"},{"@type":"Person","@id":"https:\/\/www.telealarm.com\/#\/schema\/person\/449af97f790e4b74bf256284116b3479","name":"TeleAlarm Europe","image":{"@type":"ImageObject","inLanguage":"fr-FR","@id":"https:\/\/www.telealarm.com\/#\/schema\/person\/image\/","url":"https:\/\/secure.gravatar.com\/avatar\/d4dd0e8d6e09faf4b909a3914ab8a2401cb58ea42b3e1b7bbef298a1f5083c2f?s=96&d=mm&r=g","contentUrl":"https:\/\/secure.gravatar.com\/avatar\/d4dd0e8d6e09faf4b909a3914ab8a2401cb58ea42b3e1b7bbef298a1f5083c2f?s=96&d=mm&r=g","caption":"TeleAlarm Europe"}}]}},"_links":{"self":[{"href":"https:\/\/www.telealarm.com\/fr\/wp-json\/wp\/v2\/posts\/56254\/"}],"collection":[{"href":"https:\/\/www.telealarm.com\/fr\/wp-json\/wp\/v2\/posts\/"}],"about":[{"href":"https:\/\/www.telealarm.com\/fr\/wp-json\/wp\/v2\/types\/post\/"}],"author":[{"embeddable":true,"href":"https:\/\/www.telealarm.com\/fr\/wp-json\/wp\/v2\/users\/5\/"}],"replies":[{"embeddable":true,"href":"https:\/\/www.telealarm.com\/fr\/wp-json\/wp\/v2\/comments\/?post=56254"}],"version-history":[{"count":1,"href":"https:\/\/www.telealarm.com\/fr\/wp-json\/wp\/v2\/posts\/56254\/revisions\/"}],"predecessor-version":[{"id":56257,"href":"https:\/\/www.telealarm.com\/fr\/wp-json\/wp\/v2\/posts\/56254\/revisions\/56257\/"}],"wp:featuredmedia":[{"embeddable":true,"href":"https:\/\/www.telealarm.com\/fr\/wp-json\/wp\/v2\/media\/56255\/"}],"wp:attachment":[{"href":"https:\/\/www.telealarm.com\/fr\/wp-json\/wp\/v2\/media\/?parent=56254"}],"wp:term":[{"taxonomy":"category","embeddable":true,"href":"https:\/\/www.telealarm.com\/fr\/wp-json\/wp\/v2\/categories\/?post=56254"},{"taxonomy":"post_tag","embeddable":true,"href":"https:\/\/www.telealarm.com\/fr\/wp-json\/wp\/v2\/tags\/?post=56254"}],"curies":[{"name":"wp","href":"https:\/\/api.w.org\/{rel}","templated":true}]}}