{"id":56236,"date":"2016-09-06T10:13:54","date_gmt":"2016-09-06T08:13:54","guid":{"rendered":"https:\/\/www.telealarm.com\/pflegemesse-zukunft-pflege-in-dresden\/"},"modified":"2020-09-30T10:10:19","modified_gmt":"2020-09-30T08:10:19","slug":"foire-des-soins-de-sante-lavenir-des-soins-a-dresde","status":"publish","type":"post","link":"https:\/\/www.telealarm.com\/fr\/foire-des-soins-de-sante-lavenir-des-soins-a-dresde\/","title":{"rendered":"Foire des soins de sant\u00e9 \u201el\u2019avenir des soins\u201c \u00e0 Dresde"},"content":{"rendered":"<div class=\"entry-excerpt unit-test clearfix\">\n<p>Le premier week-end de septembre, de nombreux exposants se rendaient \u00e0 la foire des soins de sant\u00e9 \u00ab\u00a0l\u2019avenir des soins\u00a0\u00bb \u00e0 Dresde. En tout, ce sont 65 exposants qui suivirent l\u2019invitation \u00e0 cette foire des soins de sant\u00e9, au cours de laquelle les sujets principaux \u00e9taient : les soins apport\u00e9s aux personnes d\u00e9pendantes, aux s\u00e9niors et aux personnes \u00e2g\u00e9es. Parmi ces exposants, nous comptions la pr\u00e9sence d\u2019organisations sociales, d\u2019organismes d\u2019assurance, d\u2019exploitants de maison de repos et de fournisseurs d\u2019outils techniques, tels que les dispositifs d\u2019appel d\u2019urgence et d\u2019appel infirmi\u00e8re ou des prestations de services comme la transformation de voitures particuli\u00e8res afin de r\u00e9pondre aux besoins individuels du client. Ce premier salon des soins de sant\u00e9 \u00e0 Dresde fut visit\u00e9 par 2.500 visiteurs professionnels et clients finaux int\u00e9ress\u00e9s, ce qui refl\u00e9ta les attentes des organisateurs et laisse augurer une croissance dans la perspective de 2017. Cette ann\u00e9e, nous \u00e9tions actifs sur un stand avec Johanniter-Unfall-Hilfe e.V. Ce stand fut tr\u00e8s bien accueilli, comme le prouvent les nombreuses demandes faites pour la gamme des soins de sant\u00e9 dans le domaine des ambulances Johanniter et l\u2019int\u00e9r\u00eat port\u00e9 par les clients pour des solutions techniques destin\u00e9es \u00e0 accro\u00eetre leur propre s\u00e9curit\u00e9 au quotidien. Les questions primordiales \u00e0 l\u2019\u00e9poque du salon avaient trait au souhait de la part des personnes de rester entre leurs propres quatre murs pendant de longues ann\u00e9es en ayant recours \u00e0 des appareils d\u2019appel d\u2019urgence et \u00e0 ses soins \u00e0 domicile. Ce souhait put souvent \u00eatre satisfait ou, \u00e0 d\u00e9faut, le chemin pour sa r\u00e9alisation fut montr\u00e9. Comme offre suppl\u00e9mentaire, les ambulances Johanniter ont mesur\u00e9 gratuitement la pression sanguine chez des visiteurs. La pr\u00e9sentation de ce salon fut \u00e9galement \u00e9tay\u00e9e par des repr\u00e9sentants de caisses d\u2019assurance maladie, d\u2019organismes de formation et d\u2019associations, dans des tables rondes et des expos\u00e9s publics. Pour le deuxi\u00e8me salon des soins de sant\u00e9 \u00e0 Dresde en septembre 2017; l\u2019organisateur pr\u00e9voit la pr\u00e9sence d\u2019un nombre accru de participants professionnels. Afin d\u2019attirer un champ d\u2019exposants plus diversifi\u00e9 et plus large, le prochain \u00e9v\u00e9nement sera organis\u00e9 dans le hall 1, dot\u00e9 d\u2019une surface de 6700 m\u00b2 pour +\/- 150 exposants et d\u2019une sc\u00e8ne pour des surfaces d\u2019animation, ce qui repr\u00e9sente une croissance consid\u00e9rable.<\/p>\n<p>&nbsp;<\/p>\n<p><em>Photo:<\/em><br \/>\n<em>Stand commun de la Johanniter-Unfall-Hilfe e.V. et de la<br \/>\nTeleAlarm lors du salon des soins de sant\u00e9<br \/>\nPhoto \u00e0 gauche :<br \/>\nDanilo Schulz \u2013 Directeur r\u00e9gional marketing\/ relations publiques distribution<br \/>\nPhoto \u00e0 droite :<br \/>\nMaria Vater \u2013 Direction des soins infirmiers JUH,<br \/>\nSusanne Hentschel \u2013 Directrice services sociaux JUH RV Dresde,<br \/>\nBernd Piechotta \u2013 Barmenia Versicherungen (v.l.)<\/em><\/p>\n<\/div>\n","protected":false},"excerpt":{"rendered":"<p>Le premier week-end de septembre, de nombreux exposants se rendaient \u00e0 la foire des soins de sant\u00e9 \u00ab\u00a0l\u2019avenir des soins\u00a0\u00bb \u00e0 Dresde. En tout, ce sont 65 exposants qui suivirent l\u2019invitation \u00e0 cette foire des soins de sant\u00e9, au cours de laquelle les sujets principaux \u00e9taient : les soins apport\u00e9s aux personnes d\u00e9pendantes, aux s\u00e9niors&hellip;<\/p>\n","protected":false},"author":5,"featured_media":56237,"comment_status":"closed","ping_status":"closed","sticky":false,"template":"","format":"standard","meta":{"_monsterinsights_skip_tracking":false,"_monsterinsights_sitenote_active":false,"_monsterinsights_sitenote_note":"","_monsterinsights_sitenote_category":0,"footnotes":""},"categories":["86","95","96","98","196","243","244","245","246","247","248","250","290","295","296","297","298","299","300","301","302","303","304","305","306","307","308","309","310","311","312","313","314","315","316","317","318","319","320","321","322","323","324","325","437","464"],"tags":[],"class_list":{"0":"post-56236","1":"post","2":"type-post","3":"status-publish","4":"format-standard","5":"has-post-thumbnail","6":"hentry","7":"category-lms-fr","8":"category-uncategorized-fr","12":"category-hausnotruf-fr","13":"category-nurse-call-fr","20":"category-evenement-fr","25":"category-uncategorized-en","27":"category-le-saviez-vous","28":"category-produits-et-technologie","29":"category-foires-et-manifestations","30":"category-actualites-autour-de-telealarm","31":"category-nouvelles-du-secteur","32":"category-rapport-dexperiences-et-interviews","52":"category-karriere","53":"category-296","54":"category-98","58":"category-301","59":"category-250","66":"category-295","71":"category-300","73":"category-314","74":"category-319","75":"category-318","76":"category-317","77":"category-316","78":"category-315","98":"category-464","99":"description-off"},"yoast_head":"<!-- This site is optimized with the Yoast SEO plugin v20.2.1 - https:\/\/yoast.com\/wordpress\/plugins\/seo\/ -->\n<title>Foire des soins de sant\u00e9 \u201el\u2019avenir des soins\u201c \u00e0 Dresde<\/title>\n<meta name=\"description\" content=\"Le premier week-end de septembre, de nombreux exposants se rendaient \u00e0 la foire des soins de sant\u00e9 \u00ab\u00a0l\u2019avenir des soins\u00a0\u00bb \u00e0 Dresde. En tout, ce sont 65\" \/>\n<meta name=\"robots\" content=\"index, follow, max-snippet:-1, max-image-preview:large, max-video-preview:-1\" \/>\n<link rel=\"canonical\" href=\"https:\/\/www.telealarm.com\/fr\/foire-des-soins-de-sante-lavenir-des-soins-a-dresde\/\" \/>\n<meta property=\"og:locale\" content=\"fr_FR\" \/>\n<meta property=\"og:type\" content=\"article\" \/>\n<meta property=\"og:title\" content=\"Foire des soins de sant\u00e9 \u201el\u2019avenir des soins\u201c \u00e0 Dresde\" \/>\n<meta property=\"og:description\" content=\"Le premier week-end de septembre, de nombreux exposants se rendaient \u00e0 la foire des soins de sant\u00e9 \u00ab\u00a0l\u2019avenir des soins\u00a0\u00bb \u00e0 Dresde. En tout, ce sont 65\" \/>\n<meta property=\"og:url\" content=\"https:\/\/www.telealarm.com\/fr\/foire-des-soins-de-sante-lavenir-des-soins-a-dresde\/\" \/>\n<meta property=\"og:site_name\" content=\"TeleAlarm\" \/>\n<meta property=\"article:published_time\" content=\"2016-09-06T08:13:54+00:00\" \/>\n<meta property=\"article:modified_time\" content=\"2020-09-30T08:10:19+00:00\" \/>\n<meta property=\"og:image\" content=\"https:\/\/www.telealarm.com\/wp-content\/uploads\/2016\/10\/Dresden_Pflegemesse_2016_Blog.png\" \/>\n\t<meta property=\"og:image:width\" content=\"500\" \/>\n\t<meta property=\"og:image:height\" content=\"300\" \/>\n\t<meta property=\"og:image:type\" content=\"image\/png\" \/>\n<meta name=\"author\" content=\"TeleAlarm Europe\" \/>\n<meta name=\"twitter:card\" content=\"summary_large_image\" \/>\n<meta name=\"twitter:label1\" content=\"\u00c9crit par\" \/>\n\t<meta name=\"twitter:data1\" content=\"TeleAlarm Europe\" \/>\n\t<meta name=\"twitter:label2\" content=\"Dur\u00e9e de lecture estim\u00e9e\" \/>\n\t<meta name=\"twitter:data2\" content=\"2 minutes\" \/>\n<script type=\"application\/ld+json\" class=\"yoast-schema-graph\">{\"@context\":\"https:\/\/schema.org\",\"@graph\":[{\"@type\":\"WebPage\",\"@id\":\"https:\/\/www.telealarm.com\/fr\/foire-des-soins-de-sante-lavenir-des-soins-a-dresde\/\",\"url\":\"https:\/\/www.telealarm.com\/fr\/foire-des-soins-de-sante-lavenir-des-soins-a-dresde\/\",\"name\":\"Foire des soins de sant\u00e9 \u201el\u2019avenir des soins\u201c \u00e0 Dresde\",\"isPartOf\":{\"@id\":\"https:\/\/www.telealarm.com\/#website\"},\"datePublished\":\"2016-09-06T08:13:54+00:00\",\"dateModified\":\"2020-09-30T08:10:19+00:00\",\"author\":{\"@id\":\"https:\/\/www.telealarm.com\/#\/schema\/person\/449af97f790e4b74bf256284116b3479\"},\"description\":\"Le premier week-end de septembre, de nombreux exposants se rendaient \u00e0 la foire des soins de sant\u00e9 \u00ab\u00a0l\u2019avenir des soins\u00a0\u00bb \u00e0 Dresde. En tout, ce sont 65\",\"breadcrumb\":{\"@id\":\"https:\/\/www.telealarm.com\/fr\/foire-des-soins-de-sante-lavenir-des-soins-a-dresde\/#breadcrumb\"},\"inLanguage\":\"fr-FR\",\"potentialAction\":[{\"@type\":\"ReadAction\",\"target\":[\"https:\/\/www.telealarm.com\/fr\/foire-des-soins-de-sante-lavenir-des-soins-a-dresde\/\"]}]},{\"@type\":\"BreadcrumbList\",\"@id\":\"https:\/\/www.telealarm.com\/fr\/foire-des-soins-de-sante-lavenir-des-soins-a-dresde\/#breadcrumb\",\"itemListElement\":[{\"@type\":\"ListItem\",\"position\":1,\"name\":\"Startseite\",\"item\":\"https:\/\/www.telealarm.com\/fr\/\"},{\"@type\":\"ListItem\",\"position\":2,\"name\":\"Foire des soins de sant\u00e9 \u201el\u2019avenir des soins\u201c \u00e0 Dresde\"}]},{\"@type\":\"WebSite\",\"@id\":\"https:\/\/www.telealarm.com\/#website\",\"url\":\"https:\/\/www.telealarm.com\/\",\"name\":\"TeleAlarm\",\"description\":\"Swiss Design\",\"potentialAction\":[{\"@type\":\"SearchAction\",\"target\":{\"@type\":\"EntryPoint\",\"urlTemplate\":\"https:\/\/www.telealarm.com\/?s={search_term_string}\"},\"query-input\":\"required name=search_term_string\"}],\"inLanguage\":\"fr-FR\"},{\"@type\":\"Person\",\"@id\":\"https:\/\/www.telealarm.com\/#\/schema\/person\/449af97f790e4b74bf256284116b3479\",\"name\":\"TeleAlarm Europe\",\"image\":{\"@type\":\"ImageObject\",\"inLanguage\":\"fr-FR\",\"@id\":\"https:\/\/www.telealarm.com\/#\/schema\/person\/image\/\",\"url\":\"https:\/\/secure.gravatar.com\/avatar\/d4dd0e8d6e09faf4b909a3914ab8a2401cb58ea42b3e1b7bbef298a1f5083c2f?s=96&d=mm&r=g\",\"contentUrl\":\"https:\/\/secure.gravatar.com\/avatar\/d4dd0e8d6e09faf4b909a3914ab8a2401cb58ea42b3e1b7bbef298a1f5083c2f?s=96&d=mm&r=g\",\"caption\":\"TeleAlarm Europe\"}}]}<\/script>\n<!-- \/ Yoast SEO plugin. -->","yoast_head_json":{"title":"Foire des soins de sant\u00e9 \u201el\u2019avenir des soins\u201c \u00e0 Dresde","description":"Le premier week-end de septembre, de nombreux exposants se rendaient \u00e0 la foire des soins de sant\u00e9 \u00ab\u00a0l\u2019avenir des soins\u00a0\u00bb \u00e0 Dresde. En tout, ce sont 65","robots":{"index":"index","follow":"follow","max-snippet":"max-snippet:-1","max-image-preview":"max-image-preview:large","max-video-preview":"max-video-preview:-1"},"canonical":"https:\/\/www.telealarm.com\/fr\/foire-des-soins-de-sante-lavenir-des-soins-a-dresde\/","og_locale":"fr_FR","og_type":"article","og_title":"Foire des soins de sant\u00e9 \u201el\u2019avenir des soins\u201c \u00e0 Dresde","og_description":"Le premier week-end de septembre, de nombreux exposants se rendaient \u00e0 la foire des soins de sant\u00e9 \u00ab\u00a0l\u2019avenir des soins\u00a0\u00bb \u00e0 Dresde. En tout, ce sont 65","og_url":"https:\/\/www.telealarm.com\/fr\/foire-des-soins-de-sante-lavenir-des-soins-a-dresde\/","og_site_name":"TeleAlarm","article_published_time":"2016-09-06T08:13:54+00:00","article_modified_time":"2020-09-30T08:10:19+00:00","og_image":[{"width":500,"height":300,"url":"https:\/\/www.telealarm.com\/wp-content\/uploads\/2016\/10\/Dresden_Pflegemesse_2016_Blog.png","type":"image\/png"}],"author":"TeleAlarm Europe","twitter_card":"summary_large_image","twitter_misc":{"\u00c9crit par":"TeleAlarm Europe","Dur\u00e9e de lecture estim\u00e9e":"2 minutes"},"schema":{"@context":"https:\/\/schema.org","@graph":[{"@type":"WebPage","@id":"https:\/\/www.telealarm.com\/fr\/foire-des-soins-de-sante-lavenir-des-soins-a-dresde\/","url":"https:\/\/www.telealarm.com\/fr\/foire-des-soins-de-sante-lavenir-des-soins-a-dresde\/","name":"Foire des soins de sant\u00e9 \u201el\u2019avenir des soins\u201c \u00e0 Dresde","isPartOf":{"@id":"https:\/\/www.telealarm.com\/#website"},"datePublished":"2016-09-06T08:13:54+00:00","dateModified":"2020-09-30T08:10:19+00:00","author":{"@id":"https:\/\/www.telealarm.com\/#\/schema\/person\/449af97f790e4b74bf256284116b3479"},"description":"Le premier week-end de septembre, de nombreux exposants se rendaient \u00e0 la foire des soins de sant\u00e9 \u00ab\u00a0l\u2019avenir des soins\u00a0\u00bb \u00e0 Dresde. En tout, ce sont 65","breadcrumb":{"@id":"https:\/\/www.telealarm.com\/fr\/foire-des-soins-de-sante-lavenir-des-soins-a-dresde\/#breadcrumb"},"inLanguage":"fr-FR","potentialAction":[{"@type":"ReadAction","target":["https:\/\/www.telealarm.com\/fr\/foire-des-soins-de-sante-lavenir-des-soins-a-dresde\/"]}]},{"@type":"BreadcrumbList","@id":"https:\/\/www.telealarm.com\/fr\/foire-des-soins-de-sante-lavenir-des-soins-a-dresde\/#breadcrumb","itemListElement":[{"@type":"ListItem","position":1,"name":"Startseite","item":"https:\/\/www.telealarm.com\/fr\/"},{"@type":"ListItem","position":2,"name":"Foire des soins de sant\u00e9 \u201el\u2019avenir des soins\u201c \u00e0 Dresde"}]},{"@type":"WebSite","@id":"https:\/\/www.telealarm.com\/#website","url":"https:\/\/www.telealarm.com\/","name":"TeleAlarm","description":"Swiss Design","potentialAction":[{"@type":"SearchAction","target":{"@type":"EntryPoint","urlTemplate":"https:\/\/www.telealarm.com\/?s={search_term_string}"},"query-input":"required name=search_term_string"}],"inLanguage":"fr-FR"},{"@type":"Person","@id":"https:\/\/www.telealarm.com\/#\/schema\/person\/449af97f790e4b74bf256284116b3479","name":"TeleAlarm Europe","image":{"@type":"ImageObject","inLanguage":"fr-FR","@id":"https:\/\/www.telealarm.com\/#\/schema\/person\/image\/","url":"https:\/\/secure.gravatar.com\/avatar\/d4dd0e8d6e09faf4b909a3914ab8a2401cb58ea42b3e1b7bbef298a1f5083c2f?s=96&d=mm&r=g","contentUrl":"https:\/\/secure.gravatar.com\/avatar\/d4dd0e8d6e09faf4b909a3914ab8a2401cb58ea42b3e1b7bbef298a1f5083c2f?s=96&d=mm&r=g","caption":"TeleAlarm Europe"}}]}},"_links":{"self":[{"href":"https:\/\/www.telealarm.com\/fr\/wp-json\/wp\/v2\/posts\/56236\/"}],"collection":[{"href":"https:\/\/www.telealarm.com\/fr\/wp-json\/wp\/v2\/posts\/"}],"about":[{"href":"https:\/\/www.telealarm.com\/fr\/wp-json\/wp\/v2\/types\/post\/"}],"author":[{"embeddable":true,"href":"https:\/\/www.telealarm.com\/fr\/wp-json\/wp\/v2\/users\/5\/"}],"replies":[{"embeddable":true,"href":"https:\/\/www.telealarm.com\/fr\/wp-json\/wp\/v2\/comments\/?post=56236"}],"version-history":[{"count":1,"href":"https:\/\/www.telealarm.com\/fr\/wp-json\/wp\/v2\/posts\/56236\/revisions\/"}],"predecessor-version":[{"id":56239,"href":"https:\/\/www.telealarm.com\/fr\/wp-json\/wp\/v2\/posts\/56236\/revisions\/56239\/"}],"wp:featuredmedia":[{"embeddable":true,"href":"https:\/\/www.telealarm.com\/fr\/wp-json\/wp\/v2\/media\/56237\/"}],"wp:attachment":[{"href":"https:\/\/www.telealarm.com\/fr\/wp-json\/wp\/v2\/media\/?parent=56236"}],"wp:term":[{"taxonomy":"category","embeddable":true,"href":"https:\/\/www.telealarm.com\/fr\/wp-json\/wp\/v2\/categories\/?post=56236"},{"taxonomy":"post_tag","embeddable":true,"href":"https:\/\/www.telealarm.com\/fr\/wp-json\/wp\/v2\/tags\/?post=56236"}],"curies":[{"name":"wp","href":"https:\/\/api.w.org\/{rel}","templated":true}]}}