{"id":56159,"date":"2015-08-01T09:34:22","date_gmt":"2015-08-01T07:34:22","guid":{"rendered":"https:\/\/www.telealarm.com\/leesys-startet-produktions-verlagerung\/"},"modified":"2020-09-30T09:25:44","modified_gmt":"2020-09-30T07:25:44","slug":"leesys-demarre-la-delocalisation","status":"publish","type":"post","link":"https:\/\/www.telealarm.com\/fr\/leesys-demarre-la-delocalisation\/","title":{"rendered":"Leesys d\u00e9marre lA d\u00e9localisation"},"content":{"rendered":"<p>Au d\u00e9but de l\u2019ann\u00e9e, Leesys a repris le Groupe TeleAlarm. Les processus de logistique, de service et de r\u00e9paration furent d\u00e9j\u00e0 d\u00e9localis\u00e9s vers la Leesys GmbH par divers sites externes. C\u2019est alors qu\u2019eut lieu la d\u00e9localisation r\u00e9ussie de la production de la premi\u00e8re gamme de produits compl\u00e8te vers la Leesys. Comme prestataire de services Electronics Manufacturing Service (EMS), Leesy est parfaitement positionn\u00e9e pour la production et la logistique de ces syst\u00e8mes destin\u00e9s \u00e0 sauver des vies. Pour nos clients, cette d\u00e9localisation signifie un double avantage : Produits de premi\u00e8re classe, \u201eSwiss Design, Made in Germany\u201c.<\/p>\n","protected":false},"excerpt":{"rendered":"<p>Au d\u00e9but de l\u2019ann\u00e9e, Leesys a repris le Groupe TeleAlarm. Les processus de logistique, de service et de r\u00e9paration furent d\u00e9j\u00e0 d\u00e9localis\u00e9s vers la Leesys GmbH par divers sites externes. C\u2019est alors qu\u2019eut lieu la d\u00e9localisation r\u00e9ussie de la production de la premi\u00e8re gamme de produits compl\u00e8te vers la Leesys. Comme prestataire de services Electronics&hellip;<\/p>\n","protected":false},"author":5,"featured_media":0,"comment_status":"closed","ping_status":"closed","sticky":false,"template":"","format":"standard","meta":{"_monsterinsights_skip_tracking":false,"_monsterinsights_sitenote_active":false,"_monsterinsights_sitenote_note":"","_monsterinsights_sitenote_category":0,"footnotes":""},"categories":["86","95","96","98","196","243","244","245","246","247","248","250","290","295","296","297","298","299","300","301","302","303","304","305","306","307","308","309","310","311","312","313","314","315","316","317","318","319","320","321","322","323","324","325","437","464"],"tags":[],"class_list":{"0":"post-56159","1":"post","2":"type-post","3":"status-publish","4":"format-standard","5":"hentry","6":"category-lms-fr","7":"category-uncategorized-fr","11":"category-hausnotruf-fr","12":"category-nurse-call-fr","19":"category-evenement-fr","24":"category-uncategorized-en","26":"category-le-saviez-vous","27":"category-produits-et-technologie","28":"category-foires-et-manifestations","29":"category-actualites-autour-de-telealarm","30":"category-nouvelles-du-secteur","31":"category-rapport-dexperiences-et-interviews","51":"category-karriere","52":"category-296","53":"category-98","57":"category-301","58":"category-250","65":"category-295","70":"category-300","72":"category-314","73":"category-319","74":"category-318","75":"category-317","76":"category-316","77":"category-315","97":"category-464","98":"description-off"},"yoast_head":"<!-- This site is optimized with the Yoast SEO plugin v20.2.1 - https:\/\/yoast.com\/wordpress\/plugins\/seo\/ -->\n<title>Leesys d\u00e9marre lA d\u00e9localisation<\/title>\n<meta name=\"description\" content=\"Au d\u00e9but de l\u2019ann\u00e9e, Leesys a repris le Groupe TeleAlarm. Les processus de logistique, de service et de r\u00e9paration furent d\u00e9j\u00e0 d\u00e9localis\u00e9s vers la Leesys\" \/>\n<meta name=\"robots\" content=\"index, follow, max-snippet:-1, max-image-preview:large, max-video-preview:-1\" \/>\n<link rel=\"canonical\" href=\"https:\/\/www.telealarm.com\/fr\/leesys-demarre-la-delocalisation\/\" \/>\n<meta property=\"og:locale\" content=\"fr_FR\" \/>\n<meta property=\"og:type\" content=\"article\" \/>\n<meta property=\"og:title\" content=\"Leesys d\u00e9marre lA d\u00e9localisation\" \/>\n<meta property=\"og:description\" content=\"Au d\u00e9but de l\u2019ann\u00e9e, Leesys a repris le Groupe TeleAlarm. Les processus de logistique, de service et de r\u00e9paration furent d\u00e9j\u00e0 d\u00e9localis\u00e9s vers la Leesys\" \/>\n<meta property=\"og:url\" content=\"https:\/\/www.telealarm.com\/fr\/leesys-demarre-la-delocalisation\/\" \/>\n<meta property=\"og:site_name\" content=\"TeleAlarm\" \/>\n<meta property=\"article:published_time\" content=\"2015-08-01T07:34:22+00:00\" \/>\n<meta property=\"article:modified_time\" content=\"2020-09-30T07:25:44+00:00\" \/>\n<meta name=\"author\" content=\"TeleAlarm Europe\" \/>\n<meta name=\"twitter:card\" content=\"summary_large_image\" \/>\n<meta name=\"twitter:label1\" content=\"\u00c9crit par\" \/>\n\t<meta name=\"twitter:data1\" content=\"TeleAlarm Europe\" \/>\n\t<meta name=\"twitter:label2\" content=\"Dur\u00e9e de lecture estim\u00e9e\" \/>\n\t<meta name=\"twitter:data2\" content=\"1 minute\" \/>\n<script type=\"application\/ld+json\" class=\"yoast-schema-graph\">{\"@context\":\"https:\/\/schema.org\",\"@graph\":[{\"@type\":\"WebPage\",\"@id\":\"https:\/\/www.telealarm.com\/fr\/leesys-demarre-la-delocalisation\/\",\"url\":\"https:\/\/www.telealarm.com\/fr\/leesys-demarre-la-delocalisation\/\",\"name\":\"Leesys d\u00e9marre lA d\u00e9localisation\",\"isPartOf\":{\"@id\":\"https:\/\/www.telealarm.com\/#website\"},\"datePublished\":\"2015-08-01T07:34:22+00:00\",\"dateModified\":\"2020-09-30T07:25:44+00:00\",\"author\":{\"@id\":\"https:\/\/www.telealarm.com\/#\/schema\/person\/449af97f790e4b74bf256284116b3479\"},\"description\":\"Au d\u00e9but de l\u2019ann\u00e9e, Leesys a repris le Groupe TeleAlarm. Les processus de logistique, de service et de r\u00e9paration furent d\u00e9j\u00e0 d\u00e9localis\u00e9s vers la Leesys\",\"breadcrumb\":{\"@id\":\"https:\/\/www.telealarm.com\/fr\/leesys-demarre-la-delocalisation\/#breadcrumb\"},\"inLanguage\":\"fr-FR\",\"potentialAction\":[{\"@type\":\"ReadAction\",\"target\":[\"https:\/\/www.telealarm.com\/fr\/leesys-demarre-la-delocalisation\/\"]}]},{\"@type\":\"BreadcrumbList\",\"@id\":\"https:\/\/www.telealarm.com\/fr\/leesys-demarre-la-delocalisation\/#breadcrumb\",\"itemListElement\":[{\"@type\":\"ListItem\",\"position\":1,\"name\":\"Startseite\",\"item\":\"https:\/\/www.telealarm.com\/fr\/\"},{\"@type\":\"ListItem\",\"position\":2,\"name\":\"Leesys d\u00e9marre lA d\u00e9localisation\"}]},{\"@type\":\"WebSite\",\"@id\":\"https:\/\/www.telealarm.com\/#website\",\"url\":\"https:\/\/www.telealarm.com\/\",\"name\":\"TeleAlarm\",\"description\":\"Swiss Design\",\"potentialAction\":[{\"@type\":\"SearchAction\",\"target\":{\"@type\":\"EntryPoint\",\"urlTemplate\":\"https:\/\/www.telealarm.com\/?s={search_term_string}\"},\"query-input\":\"required name=search_term_string\"}],\"inLanguage\":\"fr-FR\"},{\"@type\":\"Person\",\"@id\":\"https:\/\/www.telealarm.com\/#\/schema\/person\/449af97f790e4b74bf256284116b3479\",\"name\":\"TeleAlarm Europe\",\"image\":{\"@type\":\"ImageObject\",\"inLanguage\":\"fr-FR\",\"@id\":\"https:\/\/www.telealarm.com\/#\/schema\/person\/image\/\",\"url\":\"https:\/\/secure.gravatar.com\/avatar\/d4dd0e8d6e09faf4b909a3914ab8a2401cb58ea42b3e1b7bbef298a1f5083c2f?s=96&d=mm&r=g\",\"contentUrl\":\"https:\/\/secure.gravatar.com\/avatar\/d4dd0e8d6e09faf4b909a3914ab8a2401cb58ea42b3e1b7bbef298a1f5083c2f?s=96&d=mm&r=g\",\"caption\":\"TeleAlarm Europe\"}}]}<\/script>\n<!-- \/ Yoast SEO plugin. -->","yoast_head_json":{"title":"Leesys d\u00e9marre lA d\u00e9localisation","description":"Au d\u00e9but de l\u2019ann\u00e9e, Leesys a repris le Groupe TeleAlarm. Les processus de logistique, de service et de r\u00e9paration furent d\u00e9j\u00e0 d\u00e9localis\u00e9s vers la Leesys","robots":{"index":"index","follow":"follow","max-snippet":"max-snippet:-1","max-image-preview":"max-image-preview:large","max-video-preview":"max-video-preview:-1"},"canonical":"https:\/\/www.telealarm.com\/fr\/leesys-demarre-la-delocalisation\/","og_locale":"fr_FR","og_type":"article","og_title":"Leesys d\u00e9marre lA d\u00e9localisation","og_description":"Au d\u00e9but de l\u2019ann\u00e9e, Leesys a repris le Groupe TeleAlarm. Les processus de logistique, de service et de r\u00e9paration furent d\u00e9j\u00e0 d\u00e9localis\u00e9s vers la Leesys","og_url":"https:\/\/www.telealarm.com\/fr\/leesys-demarre-la-delocalisation\/","og_site_name":"TeleAlarm","article_published_time":"2015-08-01T07:34:22+00:00","article_modified_time":"2020-09-30T07:25:44+00:00","author":"TeleAlarm Europe","twitter_card":"summary_large_image","twitter_misc":{"\u00c9crit par":"TeleAlarm Europe","Dur\u00e9e de lecture estim\u00e9e":"1 minute"},"schema":{"@context":"https:\/\/schema.org","@graph":[{"@type":"WebPage","@id":"https:\/\/www.telealarm.com\/fr\/leesys-demarre-la-delocalisation\/","url":"https:\/\/www.telealarm.com\/fr\/leesys-demarre-la-delocalisation\/","name":"Leesys d\u00e9marre lA d\u00e9localisation","isPartOf":{"@id":"https:\/\/www.telealarm.com\/#website"},"datePublished":"2015-08-01T07:34:22+00:00","dateModified":"2020-09-30T07:25:44+00:00","author":{"@id":"https:\/\/www.telealarm.com\/#\/schema\/person\/449af97f790e4b74bf256284116b3479"},"description":"Au d\u00e9but de l\u2019ann\u00e9e, Leesys a repris le Groupe TeleAlarm. Les processus de logistique, de service et de r\u00e9paration furent d\u00e9j\u00e0 d\u00e9localis\u00e9s vers la Leesys","breadcrumb":{"@id":"https:\/\/www.telealarm.com\/fr\/leesys-demarre-la-delocalisation\/#breadcrumb"},"inLanguage":"fr-FR","potentialAction":[{"@type":"ReadAction","target":["https:\/\/www.telealarm.com\/fr\/leesys-demarre-la-delocalisation\/"]}]},{"@type":"BreadcrumbList","@id":"https:\/\/www.telealarm.com\/fr\/leesys-demarre-la-delocalisation\/#breadcrumb","itemListElement":[{"@type":"ListItem","position":1,"name":"Startseite","item":"https:\/\/www.telealarm.com\/fr\/"},{"@type":"ListItem","position":2,"name":"Leesys d\u00e9marre lA d\u00e9localisation"}]},{"@type":"WebSite","@id":"https:\/\/www.telealarm.com\/#website","url":"https:\/\/www.telealarm.com\/","name":"TeleAlarm","description":"Swiss Design","potentialAction":[{"@type":"SearchAction","target":{"@type":"EntryPoint","urlTemplate":"https:\/\/www.telealarm.com\/?s={search_term_string}"},"query-input":"required name=search_term_string"}],"inLanguage":"fr-FR"},{"@type":"Person","@id":"https:\/\/www.telealarm.com\/#\/schema\/person\/449af97f790e4b74bf256284116b3479","name":"TeleAlarm Europe","image":{"@type":"ImageObject","inLanguage":"fr-FR","@id":"https:\/\/www.telealarm.com\/#\/schema\/person\/image\/","url":"https:\/\/secure.gravatar.com\/avatar\/d4dd0e8d6e09faf4b909a3914ab8a2401cb58ea42b3e1b7bbef298a1f5083c2f?s=96&d=mm&r=g","contentUrl":"https:\/\/secure.gravatar.com\/avatar\/d4dd0e8d6e09faf4b909a3914ab8a2401cb58ea42b3e1b7bbef298a1f5083c2f?s=96&d=mm&r=g","caption":"TeleAlarm Europe"}}]}},"_links":{"self":[{"href":"https:\/\/www.telealarm.com\/fr\/wp-json\/wp\/v2\/posts\/56159\/"}],"collection":[{"href":"https:\/\/www.telealarm.com\/fr\/wp-json\/wp\/v2\/posts\/"}],"about":[{"href":"https:\/\/www.telealarm.com\/fr\/wp-json\/wp\/v2\/types\/post\/"}],"author":[{"embeddable":true,"href":"https:\/\/www.telealarm.com\/fr\/wp-json\/wp\/v2\/users\/5\/"}],"replies":[{"embeddable":true,"href":"https:\/\/www.telealarm.com\/fr\/wp-json\/wp\/v2\/comments\/?post=56159"}],"version-history":[{"count":1,"href":"https:\/\/www.telealarm.com\/fr\/wp-json\/wp\/v2\/posts\/56159\/revisions\/"}],"predecessor-version":[{"id":56161,"href":"https:\/\/www.telealarm.com\/fr\/wp-json\/wp\/v2\/posts\/56159\/revisions\/56161\/"}],"wp:attachment":[{"href":"https:\/\/www.telealarm.com\/fr\/wp-json\/wp\/v2\/media\/?parent=56159"}],"wp:term":[{"taxonomy":"category","embeddable":true,"href":"https:\/\/www.telealarm.com\/fr\/wp-json\/wp\/v2\/categories\/?post=56159"},{"taxonomy":"post_tag","embeddable":true,"href":"https:\/\/www.telealarm.com\/fr\/wp-json\/wp\/v2\/tags\/?post=56159"}],"curies":[{"name":"wp","href":"https:\/\/api.w.org\/{rel}","templated":true}]}}