{"id":55603,"date":"2020-09-26T00:13:05","date_gmt":"2020-09-25T22:13:05","guid":{"rendered":"https:\/\/www.telealarm.com\/?p=55603"},"modified":"2020-09-26T00:13:06","modified_gmt":"2020-09-25T22:13:06","slug":"salon-interne-chez-telealarm-2","status":"publish","type":"post","link":"https:\/\/www.telealarm.com\/fr\/salon-interne-chez-telealarm-2\/","title":{"rendered":"Salon interne chez TeleAlarm"},"content":{"rendered":"<p>Le salon interne, qui a eu lieu les 24 et 25 f\u00e9vrier 2015, a \u00e9t\u00e9 un franc succ\u00e8s.&nbsp;Quelques clients se sont rendus \u00e0 Leipzig pour regarder le site de la Soci\u00e9t\u00e9 TeleAlarm Europe GmbH et la soci\u00e9t\u00e9 m\u00e8re Leesys &#8211; Leipzig Electronic Systems GmbH.<br \/>\nLes clients eurent l&#8217;occasion, au cours d&#8217;une table ronde, d&#8217;avoir une r\u00e9ponse \u00e0 toutes les questions pos\u00e9es au sujet de TeleAlarm et d&#8217;avoir un aper\u00e7u de la Leesys au cours d&#8217;une visite d&#8217;usine.<br \/>\nLa Leesys GmbH a d\u00e9j\u00e0 repris les prestations de services en mati\u00e8re de logistique, d&#8217;exp\u00e9dition, et de r\u00e9paration pour la TeleAlarm. A l&#8217;avenir, une int\u00e9gration aura \u00e9galement lieu c\u00f4t\u00e9 production. Le g\u00e9rant de la Leesys, Monsieur Amd Karden, explique : &#8220;Etant donn\u00e9 que nous obtenons l&#8217;\u00e9galisation des co\u00fbts entre les entreprises de fabrication asiatiques actuelles et une fabrication interne dans l&#8217;usine allemande de la Leesys, nous d\u00e9localisons volontiers la production des produits TeleAlarm vers l&#8217;Allemagne. Ainsi, nous garantissons aux clients de la TeleAlarm, outre la qualit\u00e9 \u201eMade in Germany\u201c, une flexibilit\u00e9 maximale.\u201c L&#8217;entrep\u00f4t \u00e0 rayonnages sur\u00e9lev\u00e9s enti\u00e8rement automatis\u00e9 ou les syst\u00e8mes de transport sans chauffeur dans la production ont laiss\u00e9 certainement une empreinte.<\/p>\n","protected":false},"excerpt":{"rendered":"<p>Le salon interne, qui a eu lieu les 24 et 25 f\u00e9vrier 2015, a \u00e9t\u00e9 un franc succ\u00e8s.&nbsp;Quelques clients se sont rendus \u00e0 Leipzig pour regarder le site de la Soci\u00e9t\u00e9 TeleAlarm Europe GmbH et la soci\u00e9t\u00e9 m\u00e8re Leesys &#8211; Leipzig Electronic Systems GmbH. Les clients eurent l&#8217;occasion, au cours d&#8217;une table ronde, d&#8217;avoir une&hellip;<\/p>\n","protected":false},"author":167,"featured_media":56010,"comment_status":"closed","ping_status":"closed","sticky":false,"template":"","format":"standard","meta":{"_monsterinsights_skip_tracking":false,"_monsterinsights_sitenote_active":false,"_monsterinsights_sitenote_note":"","_monsterinsights_sitenote_category":0,"footnotes":""},"categories":["86","95","96","98","196","243","244","245","246","247","248","250","290","295","296","297","298","299","300","301","302","303","304","305","306","307","308","309","310","311","312","313","314","315","316","317","318","319","320","321","322","323","324","325","437","464"],"tags":[],"class_list":{"0":"post-55603","1":"post","2":"type-post","3":"status-publish","4":"format-standard","5":"has-post-thumbnail","6":"hentry","7":"category-lms-fr","8":"category-uncategorized-fr","12":"category-hausnotruf-fr","13":"category-nurse-call-fr","20":"category-evenement-fr","25":"category-uncategorized-en","27":"category-le-saviez-vous","28":"category-produits-et-technologie","29":"category-foires-et-manifestations","30":"category-actualites-autour-de-telealarm","31":"category-nouvelles-du-secteur","32":"category-rapport-dexperiences-et-interviews","52":"category-karriere","53":"category-296","54":"category-98","58":"category-301","59":"category-250","66":"category-295","71":"category-300","73":"category-314","74":"category-319","75":"category-318","76":"category-317","77":"category-316","78":"category-315","98":"category-464","99":"description-off"},"yoast_head":"<!-- This site is optimized with the Yoast SEO plugin v20.2.1 - https:\/\/yoast.com\/wordpress\/plugins\/seo\/ -->\n<title>Salon interne chez TeleAlarm<\/title>\n<meta name=\"description\" content=\"Le salon interne, qui a eu lieu les 24 et 25 f\u00e9vrier 2015, a \u00e9t\u00e9 un franc succ\u00e8s.&nbsp;Quelques clients se sont rendus \u00e0 Leipzig pour regarder le site de\" \/>\n<meta name=\"robots\" content=\"index, follow, max-snippet:-1, max-image-preview:large, max-video-preview:-1\" \/>\n<link rel=\"canonical\" href=\"https:\/\/www.telealarm.com\/fr\/salon-interne-chez-telealarm-2\/\" \/>\n<meta property=\"og:locale\" content=\"fr_FR\" \/>\n<meta property=\"og:type\" content=\"article\" \/>\n<meta property=\"og:title\" content=\"Salon interne chez TeleAlarm\" \/>\n<meta property=\"og:description\" content=\"Le salon interne, qui a eu lieu les 24 et 25 f\u00e9vrier 2015, a \u00e9t\u00e9 un franc succ\u00e8s.&nbsp;Quelques clients se sont rendus \u00e0 Leipzig pour regarder le site de\" \/>\n<meta property=\"og:url\" content=\"https:\/\/www.telealarm.com\/fr\/salon-interne-chez-telealarm-2\/\" \/>\n<meta property=\"og:site_name\" content=\"TeleAlarm\" \/>\n<meta property=\"article:published_time\" content=\"2020-09-25T22:13:05+00:00\" \/>\n<meta property=\"article:modified_time\" content=\"2020-09-25T22:13:06+00:00\" \/>\n<meta property=\"og:image\" content=\"https:\/\/www.telealarm.com\/wp-content\/uploads\/Winterimages_Photography-1-min-scaled.jpg\" \/>\n\t<meta property=\"og:image:width\" content=\"2560\" \/>\n\t<meta property=\"og:image:height\" content=\"1707\" \/>\n\t<meta property=\"og:image:type\" content=\"image\/jpeg\" \/>\n<meta name=\"author\" content=\"TeleAlarm Europe GmbH Sarah Piehlig\" \/>\n<meta name=\"twitter:card\" content=\"summary_large_image\" \/>\n<meta name=\"twitter:label1\" content=\"\u00c9crit par\" \/>\n\t<meta name=\"twitter:data1\" content=\"TeleAlarm Europe GmbH Sarah Piehlig\" \/>\n\t<meta name=\"twitter:label2\" content=\"Dur\u00e9e de lecture estim\u00e9e\" \/>\n\t<meta name=\"twitter:data2\" content=\"1 minute\" \/>\n<script type=\"application\/ld+json\" class=\"yoast-schema-graph\">{\"@context\":\"https:\/\/schema.org\",\"@graph\":[{\"@type\":\"WebPage\",\"@id\":\"https:\/\/www.telealarm.com\/fr\/salon-interne-chez-telealarm-2\/\",\"url\":\"https:\/\/www.telealarm.com\/fr\/salon-interne-chez-telealarm-2\/\",\"name\":\"Salon interne chez TeleAlarm\",\"isPartOf\":{\"@id\":\"https:\/\/www.telealarm.com\/#website\"},\"datePublished\":\"2020-09-25T22:13:05+00:00\",\"dateModified\":\"2020-09-25T22:13:06+00:00\",\"author\":{\"@id\":\"https:\/\/www.telealarm.com\/#\/schema\/person\/1667c8ff2723334c795f686c0229d5ef\"},\"description\":\"Le salon interne, qui a eu lieu les 24 et 25 f\u00e9vrier 2015, a \u00e9t\u00e9 un franc succ\u00e8s.&nbsp;Quelques clients se sont rendus \u00e0 Leipzig pour regarder le site de\",\"breadcrumb\":{\"@id\":\"https:\/\/www.telealarm.com\/fr\/salon-interne-chez-telealarm-2\/#breadcrumb\"},\"inLanguage\":\"fr-FR\",\"potentialAction\":[{\"@type\":\"ReadAction\",\"target\":[\"https:\/\/www.telealarm.com\/fr\/salon-interne-chez-telealarm-2\/\"]}]},{\"@type\":\"BreadcrumbList\",\"@id\":\"https:\/\/www.telealarm.com\/fr\/salon-interne-chez-telealarm-2\/#breadcrumb\",\"itemListElement\":[{\"@type\":\"ListItem\",\"position\":1,\"name\":\"Startseite\",\"item\":\"https:\/\/www.telealarm.com\/fr\/\"},{\"@type\":\"ListItem\",\"position\":2,\"name\":\"Salon interne chez TeleAlarm\"}]},{\"@type\":\"WebSite\",\"@id\":\"https:\/\/www.telealarm.com\/#website\",\"url\":\"https:\/\/www.telealarm.com\/\",\"name\":\"TeleAlarm\",\"description\":\"Swiss Design\",\"potentialAction\":[{\"@type\":\"SearchAction\",\"target\":{\"@type\":\"EntryPoint\",\"urlTemplate\":\"https:\/\/www.telealarm.com\/?s={search_term_string}\"},\"query-input\":\"required name=search_term_string\"}],\"inLanguage\":\"fr-FR\"},{\"@type\":\"Person\",\"@id\":\"https:\/\/www.telealarm.com\/#\/schema\/person\/1667c8ff2723334c795f686c0229d5ef\",\"name\":\"TeleAlarm Europe GmbH Sarah Piehlig\",\"image\":{\"@type\":\"ImageObject\",\"inLanguage\":\"fr-FR\",\"@id\":\"https:\/\/www.telealarm.com\/#\/schema\/person\/image\/\",\"url\":\"https:\/\/secure.gravatar.com\/avatar\/ad52a5f445b2cae30d89011b5fae69bc4d64fe3093105bbeaf35ff64d2629bce?s=96&d=mm&r=g\",\"contentUrl\":\"https:\/\/secure.gravatar.com\/avatar\/ad52a5f445b2cae30d89011b5fae69bc4d64fe3093105bbeaf35ff64d2629bce?s=96&d=mm&r=g\",\"caption\":\"TeleAlarm Europe GmbH Sarah Piehlig\"}}]}<\/script>\n<!-- \/ Yoast SEO plugin. -->","yoast_head_json":{"title":"Salon interne chez TeleAlarm","description":"Le salon interne, qui a eu lieu les 24 et 25 f\u00e9vrier 2015, a \u00e9t\u00e9 un franc succ\u00e8s.&nbsp;Quelques clients se sont rendus \u00e0 Leipzig pour regarder le site de","robots":{"index":"index","follow":"follow","max-snippet":"max-snippet:-1","max-image-preview":"max-image-preview:large","max-video-preview":"max-video-preview:-1"},"canonical":"https:\/\/www.telealarm.com\/fr\/salon-interne-chez-telealarm-2\/","og_locale":"fr_FR","og_type":"article","og_title":"Salon interne chez TeleAlarm","og_description":"Le salon interne, qui a eu lieu les 24 et 25 f\u00e9vrier 2015, a \u00e9t\u00e9 un franc succ\u00e8s.&nbsp;Quelques clients se sont rendus \u00e0 Leipzig pour regarder le site de","og_url":"https:\/\/www.telealarm.com\/fr\/salon-interne-chez-telealarm-2\/","og_site_name":"TeleAlarm","article_published_time":"2020-09-25T22:13:05+00:00","article_modified_time":"2020-09-25T22:13:06+00:00","og_image":[{"width":2560,"height":1707,"url":"https:\/\/www.telealarm.com\/wp-content\/uploads\/Winterimages_Photography-1-min-scaled.jpg","type":"image\/jpeg"}],"author":"TeleAlarm Europe GmbH Sarah Piehlig","twitter_card":"summary_large_image","twitter_misc":{"\u00c9crit par":"TeleAlarm Europe GmbH Sarah Piehlig","Dur\u00e9e de lecture estim\u00e9e":"1 minute"},"schema":{"@context":"https:\/\/schema.org","@graph":[{"@type":"WebPage","@id":"https:\/\/www.telealarm.com\/fr\/salon-interne-chez-telealarm-2\/","url":"https:\/\/www.telealarm.com\/fr\/salon-interne-chez-telealarm-2\/","name":"Salon interne chez TeleAlarm","isPartOf":{"@id":"https:\/\/www.telealarm.com\/#website"},"datePublished":"2020-09-25T22:13:05+00:00","dateModified":"2020-09-25T22:13:06+00:00","author":{"@id":"https:\/\/www.telealarm.com\/#\/schema\/person\/1667c8ff2723334c795f686c0229d5ef"},"description":"Le salon interne, qui a eu lieu les 24 et 25 f\u00e9vrier 2015, a \u00e9t\u00e9 un franc succ\u00e8s.&nbsp;Quelques clients se sont rendus \u00e0 Leipzig pour regarder le site de","breadcrumb":{"@id":"https:\/\/www.telealarm.com\/fr\/salon-interne-chez-telealarm-2\/#breadcrumb"},"inLanguage":"fr-FR","potentialAction":[{"@type":"ReadAction","target":["https:\/\/www.telealarm.com\/fr\/salon-interne-chez-telealarm-2\/"]}]},{"@type":"BreadcrumbList","@id":"https:\/\/www.telealarm.com\/fr\/salon-interne-chez-telealarm-2\/#breadcrumb","itemListElement":[{"@type":"ListItem","position":1,"name":"Startseite","item":"https:\/\/www.telealarm.com\/fr\/"},{"@type":"ListItem","position":2,"name":"Salon interne chez TeleAlarm"}]},{"@type":"WebSite","@id":"https:\/\/www.telealarm.com\/#website","url":"https:\/\/www.telealarm.com\/","name":"TeleAlarm","description":"Swiss Design","potentialAction":[{"@type":"SearchAction","target":{"@type":"EntryPoint","urlTemplate":"https:\/\/www.telealarm.com\/?s={search_term_string}"},"query-input":"required name=search_term_string"}],"inLanguage":"fr-FR"},{"@type":"Person","@id":"https:\/\/www.telealarm.com\/#\/schema\/person\/1667c8ff2723334c795f686c0229d5ef","name":"TeleAlarm Europe GmbH Sarah Piehlig","image":{"@type":"ImageObject","inLanguage":"fr-FR","@id":"https:\/\/www.telealarm.com\/#\/schema\/person\/image\/","url":"https:\/\/secure.gravatar.com\/avatar\/ad52a5f445b2cae30d89011b5fae69bc4d64fe3093105bbeaf35ff64d2629bce?s=96&d=mm&r=g","contentUrl":"https:\/\/secure.gravatar.com\/avatar\/ad52a5f445b2cae30d89011b5fae69bc4d64fe3093105bbeaf35ff64d2629bce?s=96&d=mm&r=g","caption":"TeleAlarm Europe GmbH Sarah Piehlig"}}]}},"_links":{"self":[{"href":"https:\/\/www.telealarm.com\/fr\/wp-json\/wp\/v2\/posts\/55603\/"}],"collection":[{"href":"https:\/\/www.telealarm.com\/fr\/wp-json\/wp\/v2\/posts\/"}],"about":[{"href":"https:\/\/www.telealarm.com\/fr\/wp-json\/wp\/v2\/types\/post\/"}],"author":[{"embeddable":true,"href":"https:\/\/www.telealarm.com\/fr\/wp-json\/wp\/v2\/users\/167\/"}],"replies":[{"embeddable":true,"href":"https:\/\/www.telealarm.com\/fr\/wp-json\/wp\/v2\/comments\/?post=55603"}],"version-history":[{"count":1,"href":"https:\/\/www.telealarm.com\/fr\/wp-json\/wp\/v2\/posts\/55603\/revisions\/"}],"predecessor-version":[{"id":55619,"href":"https:\/\/www.telealarm.com\/fr\/wp-json\/wp\/v2\/posts\/55603\/revisions\/55619\/"}],"wp:featuredmedia":[{"embeddable":true,"href":"https:\/\/www.telealarm.com\/fr\/wp-json\/wp\/v2\/media\/56010\/"}],"wp:attachment":[{"href":"https:\/\/www.telealarm.com\/fr\/wp-json\/wp\/v2\/media\/?parent=55603"}],"wp:term":[{"taxonomy":"category","embeddable":true,"href":"https:\/\/www.telealarm.com\/fr\/wp-json\/wp\/v2\/categories\/?post=55603"},{"taxonomy":"post_tag","embeddable":true,"href":"https:\/\/www.telealarm.com\/fr\/wp-json\/wp\/v2\/tags\/?post=55603"}],"curies":[{"name":"wp","href":"https:\/\/api.w.org\/{rel}","templated":true}]}}